[{"@context":"https:\/\/schema.org\/","@type":"Article","@id":"https:\/\/www.woraif.cz\/vyuziti-mobilheimu\/#Article","mainEntityOfPage":"https:\/\/www.woraif.cz\/vyuziti-mobilheimu\/","headline":"Vyu\u017eit\u00ed mobilheimu","name":"Vyu\u017eit\u00ed mobilheimu","description":"V \u010dem se li\u0161\u00ed mobiln\u00ed d\u016fm, od jak\u00e9koliv pevn\u00e9 stavby je absolutn\u00ed absence z\u00e1klad\u016f. Mobiln\u00ed domy, ty nejjednodu\u0161\u0161\u00ed se ustav\u00ed pouze podep\u0159en\u00edm a vyrovn\u00e1n\u00edm do roviny. Maj\u00ed st\u00e1l\u00fd podvozek, na kter\u00e9m jsou schopny st\u00e1t, l\u00e9ta letouc\u00ed. Modern\u011bj\u0161\u00ed domy se je\u0159\u00e1bem usad\u00ed na p\u0159edem p\u0159ipraven\u00e9, betonov\u00e9 paky, \u010di d\u0159ev\u011bn\u00e9 pra\u017ece. V obou p\u0159\u00edpadech je usazen\u00ed mobiln\u00edho domu na pozemku ot\u00e1zkou p\u00e1r [&hellip;]","datePublished":"2022-05-27","dateModified":"2022-05-27","author":{"@type":"Person","@id":"https:\/\/www.woraif.cz\/author\/devene\/#Person","name":"devene","url":"https:\/\/www.woraif.cz\/author\/devene\/","identifier":1,"image":{"@type":"ImageObject","@id":"https:\/\/secure.gravatar.com\/avatar\/1fd5b20daa9a47a1102459a7c733d369075d8cc724ab489feb8ed72c657d346e?s=96&d=mm&r=g","url":"https:\/\/secure.gravatar.com\/avatar\/1fd5b20daa9a47a1102459a7c733d369075d8cc724ab489feb8ed72c657d346e?s=96&d=mm&r=g","height":96,"width":96}},"publisher":{"@type":"Organization","name":"woraif.cz","logo":{"@type":"ImageObject","@id":"\/logo.png","url":"\/logo.png","width":600,"height":60}},"image":{"@type":"ImageObject","@id":"https:\/\/www.woraif.cz\/wp-content\/uploads\/2458_4.jpg","url":"https:\/\/www.woraif.cz\/wp-content\/uploads\/2458_4.jpg","height":0,"width":0},"url":"https:\/\/www.woraif.cz\/vyuziti-mobilheimu\/","about":["Finance"],"wordCount":445,"articleBody":"   V \u010dem se li\u0161\u00ed mobiln\u00ed d\u016fm, od jak\u00e9koliv pevn\u00e9 stavby je absolutn\u00ed absence z\u00e1klad\u016f. Mobiln\u00ed domy, ty nejjednodu\u0161\u0161\u00ed se ustav\u00ed pouze podep\u0159en\u00edm a vyrovn\u00e1n\u00edm do roviny. Maj\u00ed st\u00e1l\u00fd podvozek, na kter\u00e9m jsou schopny st\u00e1t, l\u00e9ta letouc\u00ed. Modern\u011bj\u0161\u00ed domy se je\u0159\u00e1bem usad\u00ed na p\u0159edem p\u0159ipraven\u00e9, betonov\u00e9 paky, \u010di d\u0159ev\u011bn\u00e9 pra\u017ece. V obou p\u0159\u00edpadech je usazen\u00ed mobiln\u00edho domu na pozemku ot\u00e1zkou p\u00e1r minut, maxim\u00e1ln\u011b hodin.Mobiln\u00ed domky lze po\u0159\u00eddit i za p\u00e1r des\u00edtek tis\u00edc. Pokud chcete, ale d\u016fm pro opravdov\u00e9 bydlen\u00ed po\u010d\u00edtejte s investic\u00ed v \u0159\u00e1du statis\u00edc\u016f a\u017e milion\u016f. Za ty pen\u00edze v\u0161ak z\u00edsk\u00e1te pom\u011brn\u011b luxusn\u00ed bydlen\u00ed, kter\u00e9 snese srovn\u00e1n\u00ed s pevn\u00fdmi klasick\u00fdmi domy.D\u016fm, nebo domek na kole\u010dk\u00e1ch ale nemus\u00ed nutn\u011b a v\u017edy slou\u017eit jen jako bydlen\u00ed. M\u00e1 nep\u0159ebern\u00e9 mo\u017enosti vyu\u017eit\u00ed. Postav\u00edte si jej na svou zahr\u00e1dku. Z\u00edsk\u00e1te z\u00e1zem\u00ed, ve kter\u00e9m se m\u016f\u017eete skr\u00fdt p\u0159ed nepohodou, nebo odpo\u010d\u00edvat po vy\u010derp\u00e1vaj\u00edc\u00ed pr\u00e1ci na zahrad\u011b. A m\u016f\u017eete v n\u011bm i p\u0159esp\u00e1vat ve slu\u0161n\u00e9m a pohodln\u00e9m prost\u0159ed\u00ed.Mobiln\u00ed d\u016fm se bezvadn\u011b hod\u00ed i jako alternativn\u00ed ubytov\u00e1n\u00ed pro turisty v rekrea\u010dn\u00edm are\u00e1lu, nebo autokempu. T\u00edm, \u017ee je zcela vybaven, si majitel takov\u00e9ho kempu m\u016f\u017ee za p\u0159esp\u00e1n\u00ed v mobiln\u00edm domku od turist\u016f \u017e\u00e1dat vy\u0161\u0161\u00ed cenu, nav\u00edc mohou p\u016fsobit i docela esteticky. Mobiln\u00ed d\u016fm lze rovn\u011b\u017e pou\u017e\u00edt tam, kde se vyu\u017e\u00edvaj\u00ed klasick\u00e9 stavebn\u00ed bu\u0148ky. M\u016f\u017ee v n\u00ed sed\u011bt ostraha are\u00e1lu, nebo m\u016f\u017ee poslou\u017eit jako z\u00e1zem\u00ed pro d\u011bln\u00edky. Jen se z lo\u017enic vynesou postele a rozm\u00edst\u00ed se v nich \u0161atn\u00ed sk\u0159\u00ed\u0148ky.Od toho nen\u00ed daleko i stabiln\u00ed kancel\u00e1\u0159. Mobilheimy poskytuj\u00ed dost prostoru na to, aby se v nich dalo vytvo\u0159it p\u0159\u00edjemn\u00e9, a d\u00e1 se bez zav\u00e1h\u00e1n\u00ed \u0159\u00edci, i luxusn\u00ed prost\u0159ed\u00ed pro r\u016fzn\u00e1 obchodn\u00ed jedn\u00e1n\u00ed a z\u00e1rove\u0148 pracovn\u00ed prost\u0159ed\u00ed pro dva a\u017e t\u0159i pracovn\u00edky.V nekon\u010d\u00edc\u00ed \u0159ad\u011b, lze prom\u011bnit mobiln\u00ed d\u016fm i na salon kr\u00e1sy, \u010di kade\u0159nictv\u00ed. Samoz\u0159ejm\u011b t\u011bmito slu\u017ebami toto nekon\u010d\u00ed. Je to p\u0159\u00edle\u017eitost pro mas\u00e9ry, krej\u010dov\u00e9 a v\u016fbec v\u0161echny podnikatele, kte\u0159\u00ed pot\u0159ebuj\u00ed pro styk se sv\u00fdmi z\u00e1kazn\u00edky men\u0161\u00ed prostor a tak\u00e9 n\u011bjak\u00e9 z\u00e1zem\u00ed.                                                                                                                                                                                                                                                                                                                                                                                          4.3\/5 - (6 votes)        "},{"@context":"https:\/\/schema.org\/","@type":"BreadcrumbList","itemListElement":[{"@type":"ListItem","position":1,"name":"Vyu\u017eit\u00ed mobilheimu","item":"https:\/\/www.woraif.cz\/vyuziti-mobilheimu\/#breadcrumbitem"}]}]