[{"@context":"https:\/\/schema.org\/","@type":"Article","@id":"https:\/\/www.woraif.cz\/rucime-za-vysokou-kvalitu-nasich-dvirek\/#Article","mainEntityOfPage":"https:\/\/www.woraif.cz\/rucime-za-vysokou-kvalitu-nasich-dvirek\/","headline":"Ru\u010d\u00edme za vysokou kvalitu na\u0161ich dv\u00ed\u0159ek","name":"Ru\u010d\u00edme za vysokou kvalitu na\u0161ich dv\u00ed\u0159ek","description":"N\u00e1bytkov\u00e9 polotovary, kter\u00e9 jsou v na\u0161\u00ed nab\u00eddce, nejsou jen dv\u00ed\u0159ka. V na\u0161\u00ed nab\u00eddce jsou dal\u0161\u00ed produkty &#8211; nap\u0159\u00edklad n\u00e1bytkov\u00e9 osv\u011btlen\u00ed, alu r\u00e1my pro vestav\u011bn\u00e9 sk\u0159\u00edn\u011b, posuvn\u00e9 dve\u0159e k vestav\u011bn\u00fdm sk\u0159\u00edn\u00edm. V na\u0161\u00ed nab\u00eddce je to nejlep\u0161\u00ed, co v\u00e1m m\u016f\u017eeme nab\u00eddnout. N\u00e1\u0161 sortiment tvo\u0159\u00ed produkty r\u016fzn\u00fdch v\u00fdrobc\u016f z cel\u00e9ho sv\u011bta. Vyberte si i vy sv\u00e1 dv\u00ed\u0159ka pr\u00e1v\u011b u n\u00e1s &#8211; jsme [&hellip;]","datePublished":"2025-01-22","dateModified":"2025-01-22","author":{"@type":"Person","@id":"https:\/\/www.woraif.cz\/author\/devene\/#Person","name":"devene","url":"https:\/\/www.woraif.cz\/author\/devene\/","identifier":1,"image":{"@type":"ImageObject","@id":"https:\/\/secure.gravatar.com\/avatar\/1fd5b20daa9a47a1102459a7c733d369075d8cc724ab489feb8ed72c657d346e?s=96&d=mm&r=g","url":"https:\/\/secure.gravatar.com\/avatar\/1fd5b20daa9a47a1102459a7c733d369075d8cc724ab489feb8ed72c657d346e?s=96&d=mm&r=g","height":96,"width":96}},"publisher":{"@type":"Organization","name":"woraif.cz","logo":{"@type":"ImageObject","@id":"\/logo.png","url":"\/logo.png","width":600,"height":60}},"url":"https:\/\/www.woraif.cz\/rucime-za-vysokou-kvalitu-nasich-dvirek\/","wordCount":171,"articleBody":"N\u00e1bytkov\u00e9 polotovary, kter\u00e9 jsou v na\u0161\u00ed nab\u00eddce, nejsou jen dv\u00ed\u0159ka. V na\u0161\u00ed nab\u00eddce jsou dal\u0161\u00ed produkty &#8211; nap\u0159\u00edklad n\u00e1bytkov\u00e9 osv\u011btlen\u00ed, alu r\u00e1my pro vestav\u011bn\u00e9 sk\u0159\u00edn\u011b, posuvn\u00e9 dve\u0159e k vestav\u011bn\u00fdm sk\u0159\u00edn\u00edm. V na\u0161\u00ed nab\u00eddce je to nejlep\u0161\u00ed, co v\u00e1m m\u016f\u017eeme nab\u00eddnout. N\u00e1\u0161 sortiment tvo\u0159\u00ed produkty r\u016fzn\u00fdch v\u00fdrobc\u016f z cel\u00e9ho sv\u011bta. Vyberte si i vy sv\u00e1 dv\u00ed\u0159ka pr\u00e1v\u011b u n\u00e1s &#8211; jsme nejv\u011bt\u0161\u00edm dodavatelem tohoto sortimentu u n\u00e1s. Na trh v \u010cesk\u00e9 republice, ale i ve Slovensk\u00e9 republice jsme jako prvn\u00ed prezentovali foliovan\u00e1 dv\u00ed\u0159ka s metalickou foli\u00ed. Sna\u017e\u00edme se b\u00fdt nejlep\u0161\u00ed. N\u00e1bytkov\u00e9 osv\u011btlen\u00ed Jako dal\u0161\u00ed sortiment nab\u00edz\u00edme tak\u00e9 n\u00e1bytkov\u00e9 osv\u011btlen\u00ed. V\u00edme, \u017ee dv\u00ed\u0159ka nejsou v\u0161echno, a proto tak\u00e9 nab\u00edz\u00edme tyto novinky. A v\u00edte, \u017ee to nen\u00ed v\u0161echno? Ud\u011blejte si u n\u00e1s n\u00e1v\u0161t\u011bvu.                                                                                                                                                                                                                                                                                                                                                                                        4.5\/5 - (4 votes)        "},{"@context":"https:\/\/schema.org\/","@type":"BreadcrumbList","itemListElement":[{"@type":"ListItem","position":1,"name":"Ru\u010d\u00edme za vysokou kvalitu na\u0161ich dv\u00ed\u0159ek","item":"https:\/\/www.woraif.cz\/rucime-za-vysokou-kvalitu-nasich-dvirek\/#breadcrumbitem"}]}]