{"@context":"https:\/\/schema.org\/","@type":"CollectionPage","@id":"https:\/\/www.woraif.cz\/podnikani\/#CollectionPage","headline":"Podnik\u00e1n\u00ed Category","description":"","url":"https:\/\/www.woraif.cz\/podnikani\/","hasPart":[{"@type":"Article","@id":"https:\/\/www.woraif.cz\/prebirame-zakoupeny-byt-v-puvodnim-stavu\/","headline":"P\u0159eb\u00edr\u00e1me zakoupen\u00fd byt v p\u016fvodn\u00edm stavu","url":"https:\/\/www.woraif.cz\/prebirame-zakoupeny-byt-v-puvodnim-stavu\/","datePublished":"2024-04-15","dateModified":"2024-05-15","mainEntityOfPage":"https:\/\/www.woraif.cz\/prebirame-zakoupeny-byt-v-puvodnim-stavu\/","author":{"@type":"Person","@id":"https:\/\/www.woraif.cz\/author\/devene\/#Person","name":"devene","url":"https:\/\/www.woraif.cz\/author\/devene\/","identifier":1,"image":{"@type":"ImageObject","@id":"https:\/\/secure.gravatar.com\/avatar\/1fd5b20daa9a47a1102459a7c733d369075d8cc724ab489feb8ed72c657d346e?s=96&d=mm&r=g","url":"https:\/\/secure.gravatar.com\/avatar\/1fd5b20daa9a47a1102459a7c733d369075d8cc724ab489feb8ed72c657d346e?s=96&d=mm&r=g","height":96,"width":96}},"publisher":{"@type":"Organization","name":"woraif.cz","logo":{"@type":"ImageObject","@id":"\/logo.png","url":"\/logo.png","width":600,"height":60}},"image":{"@type":"ImageObject","@id":"https:\/\/www.woraif.cz\/wp-content\/uploads\/electrician-2755683_640_10_3.jpg","url":"https:\/\/www.woraif.cz\/wp-content\/uploads\/electrician-2755683_640_10_3.jpg","height":0,"width":0},"keywords":null},{"@type":"Article","@id":"https:\/\/www.woraif.cz\/autem-kdykoliv-a-kamkoliv\/","headline":"Autem kdykoliv a kamkoliv","url":"https:\/\/www.woraif.cz\/autem-kdykoliv-a-kamkoliv\/","datePublished":"2024-04-13","dateModified":"2024-05-13","mainEntityOfPage":"https:\/\/www.woraif.cz\/autem-kdykoliv-a-kamkoliv\/","author":{"@type":"Person","@id":"https:\/\/www.woraif.cz\/author\/devene\/#Person","name":"devene","url":"https:\/\/www.woraif.cz\/author\/devene\/","identifier":1,"image":{"@type":"ImageObject","@id":"https:\/\/secure.gravatar.com\/avatar\/1fd5b20daa9a47a1102459a7c733d369075d8cc724ab489feb8ed72c657d346e?s=96&d=mm&r=g","url":"https:\/\/secure.gravatar.com\/avatar\/1fd5b20daa9a47a1102459a7c733d369075d8cc724ab489feb8ed72c657d346e?s=96&d=mm&r=g","height":96,"width":96}},"publisher":{"@type":"Organization","name":"woraif.cz","logo":{"@type":"ImageObject","@id":"\/logo.png","url":"\/logo.png","width":600,"height":60}},"image":{"@type":"ImageObject","@id":"https:\/\/www.woraif.cz\/wp-content\/uploads\/aaa_10_10_3.jpg","url":"https:\/\/www.woraif.cz\/wp-content\/uploads\/aaa_10_10_3.jpg","height":0,"width":0},"keywords":null},{"@type":"Article","@id":"https:\/\/www.woraif.cz\/vyber-virive-vany\/","headline":"V\u00fdb\u011br v\u00ed\u0159iv\u00e9 vany.","url":"https:\/\/www.woraif.cz\/vyber-virive-vany\/","datePublished":"2024-03-15","dateModified":"2024-04-17","mainEntityOfPage":"https:\/\/www.woraif.cz\/vyber-virive-vany\/","author":{"@type":"Person","@id":"https:\/\/www.woraif.cz\/author\/devene\/#Person","name":"devene","url":"https:\/\/www.woraif.cz\/author\/devene\/","identifier":1,"image":{"@type":"ImageObject","@id":"https:\/\/secure.gravatar.com\/avatar\/1fd5b20daa9a47a1102459a7c733d369075d8cc724ab489feb8ed72c657d346e?s=96&d=mm&r=g","url":"https:\/\/secure.gravatar.com\/avatar\/1fd5b20daa9a47a1102459a7c733d369075d8cc724ab489feb8ed72c657d346e?s=96&d=mm&r=g","height":96,"width":96}},"publisher":{"@type":"Organization","name":"woraif.cz","logo":{"@type":"ImageObject","@id":"\/logo.png","url":"\/logo.png","width":600,"height":60}},"image":{"@type":"ImageObject","@id":"https:\/\/www.woraif.cz\/wp-content\/uploads\/pexels-jonathan-borba-19737869(2).jpg","url":"https:\/\/www.woraif.cz\/wp-content\/uploads\/pexels-jonathan-borba-19737869(2).jpg","height":0,"width":0},"keywords":null},{"@type":"Article","@id":"https:\/\/www.woraif.cz\/stehujeme-pokojove-rostliny\/","headline":"St\u011bhujeme pokojov\u00e9 rostliny","url":"https:\/\/www.woraif.cz\/stehujeme-pokojove-rostliny\/","datePublished":"2024-02-19","dateModified":"2024-03-20","mainEntityOfPage":"https:\/\/www.woraif.cz\/stehujeme-pokojove-rostliny\/","author":{"@type":"Person","@id":"https:\/\/www.woraif.cz\/author\/devene\/#Person","name":"devene","url":"https:\/\/www.woraif.cz\/author\/devene\/","identifier":1,"image":{"@type":"ImageObject","@id":"https:\/\/secure.gravatar.com\/avatar\/1fd5b20daa9a47a1102459a7c733d369075d8cc724ab489feb8ed72c657d346e?s=96&d=mm&r=g","url":"https:\/\/secure.gravatar.com\/avatar\/1fd5b20daa9a47a1102459a7c733d369075d8cc724ab489feb8ed72c657d346e?s=96&d=mm&r=g","height":96,"width":96}},"publisher":{"@type":"Organization","name":"woraif.cz","logo":{"@type":"ImageObject","@id":"\/logo.png","url":"\/logo.png","width":600,"height":60}},"image":{"@type":"ImageObject","@id":"https:\/\/www.woraif.cz\/wp-content\/uploads\/flower-cart-58418_640.jpg","url":"https:\/\/www.woraif.cz\/wp-content\/uploads\/flower-cart-58418_640.jpg","height":0,"width":0},"keywords":null},{"@type":"Article","@id":"https:\/\/www.woraif.cz\/prekvapeni-na-chalupe-ve-forme-noveho-nabytku\/","headline":"P\u0159ekvapen\u00ed na chalup\u011b ve form\u011b nov\u00e9ho n\u00e1bytku","url":"https:\/\/www.woraif.cz\/prekvapeni-na-chalupe-ve-forme-noveho-nabytku\/","datePublished":"2024-02-13","dateModified":"2024-02-13","mainEntityOfPage":"https:\/\/www.woraif.cz\/prekvapeni-na-chalupe-ve-forme-noveho-nabytku\/","author":{"@type":"Person","@id":"https:\/\/www.woraif.cz\/author\/devene\/#Person","name":"devene","url":"https:\/\/www.woraif.cz\/author\/devene\/","identifier":1,"image":{"@type":"ImageObject","@id":"https:\/\/secure.gravatar.com\/avatar\/1fd5b20daa9a47a1102459a7c733d369075d8cc724ab489feb8ed72c657d346e?s=96&d=mm&r=g","url":"https:\/\/secure.gravatar.com\/avatar\/1fd5b20daa9a47a1102459a7c733d369075d8cc724ab489feb8ed72c657d346e?s=96&d=mm&r=g","height":96,"width":96}},"publisher":{"@type":"Organization","name":"woraif.cz","logo":{"@type":"ImageObject","@id":"\/logo.png","url":"\/logo.png","width":600,"height":60}},"image":{"@type":"ImageObject","@id":"https:\/\/www.woraif.cz\/wp-content\/uploads\/house-7444398_640.jpg","url":"https:\/\/www.woraif.cz\/wp-content\/uploads\/house-7444398_640.jpg","height":0,"width":0},"keywords":null},{"@type":"Article","@id":"https:\/\/www.woraif.cz\/sidlo-firmy-v-praze-vam-zajisti-klid-v-podnikani\/","headline":"S\u00eddlo firmy v Praze v\u00e1m zajist\u00ed klid v podnik\u00e1n\u00ed","url":"https:\/\/www.woraif.cz\/sidlo-firmy-v-praze-vam-zajisti-klid-v-podnikani\/","datePublished":"2024-01-19","dateModified":"2024-01-19","mainEntityOfPage":"https:\/\/www.woraif.cz\/sidlo-firmy-v-praze-vam-zajisti-klid-v-podnikani\/","author":{"@type":"Person","@id":"https:\/\/www.woraif.cz\/author\/devene\/#Person","name":"devene","url":"https:\/\/www.woraif.cz\/author\/devene\/","identifier":1,"image":{"@type":"ImageObject","@id":"https:\/\/secure.gravatar.com\/avatar\/1fd5b20daa9a47a1102459a7c733d369075d8cc724ab489feb8ed72c657d346e?s=96&d=mm&r=g","url":"https:\/\/secure.gravatar.com\/avatar\/1fd5b20daa9a47a1102459a7c733d369075d8cc724ab489feb8ed72c657d346e?s=96&d=mm&r=g","height":96,"width":96}},"publisher":{"@type":"Organization","name":"woraif.cz","logo":{"@type":"ImageObject","@id":"\/logo.png","url":"\/logo.png","width":600,"height":60}},"image":{"@type":"ImageObject","@id":"https:\/\/www.woraif.cz\/wp-content\/uploads\/computer-4484282_640_1.jpg","url":"https:\/\/www.woraif.cz\/wp-content\/uploads\/computer-4484282_640_1.jpg","height":0,"width":0},"keywords":null},{"@type":"Article","@id":"https:\/\/www.woraif.cz\/ceniky-jsou-mnohdy-zakladem\/","headline":"Cen\u00edky jsou mnohdy z\u00e1kladem","url":"https:\/\/www.woraif.cz\/ceniky-jsou-mnohdy-zakladem\/","datePublished":"2023-06-21","dateModified":"2023-07-24","mainEntityOfPage":"https:\/\/www.woraif.cz\/ceniky-jsou-mnohdy-zakladem\/","author":{"@type":"Person","@id":"https:\/\/www.woraif.cz\/author\/devene\/#Person","name":"devene","url":"https:\/\/www.woraif.cz\/author\/devene\/","identifier":1,"image":{"@type":"ImageObject","@id":"https:\/\/secure.gravatar.com\/avatar\/1fd5b20daa9a47a1102459a7c733d369075d8cc724ab489feb8ed72c657d346e?s=96&d=mm&r=g","url":"https:\/\/secure.gravatar.com\/avatar\/1fd5b20daa9a47a1102459a7c733d369075d8cc724ab489feb8ed72c657d346e?s=96&d=mm&r=g","height":96,"width":96}},"publisher":{"@type":"Organization","name":"woraif.cz","logo":{"@type":"ImageObject","@id":"\/logo.png","url":"\/logo.png","width":600,"height":60}},"image":{"@type":"ImageObject","@id":"https:\/\/www.woraif.cz\/wp-content\/uploads\/flowers-276014_1280.jpg","url":"https:\/\/www.woraif.cz\/wp-content\/uploads\/flowers-276014_1280.jpg","height":0,"width":0},"keywords":null},{"@type":"Article","@id":"https:\/\/www.woraif.cz\/i-zvirata-potrebuji-pravidelnou-lekarskou-peci\/","headline":"I zv\u00ed\u0159ata pot\u0159ebuj\u00ed pravidelnou l\u00e9ka\u0159skou p\u00e9\u010di","url":"https:\/\/www.woraif.cz\/i-zvirata-potrebuji-pravidelnou-lekarskou-peci\/","datePublished":"2023-06-21","dateModified":"2023-10-16","mainEntityOfPage":"https:\/\/www.woraif.cz\/i-zvirata-potrebuji-pravidelnou-lekarskou-peci\/","author":{"@type":"Person","@id":"https:\/\/www.woraif.cz\/author\/devene\/#Person","name":"devene","url":"https:\/\/www.woraif.cz\/author\/devene\/","identifier":1,"image":{"@type":"ImageObject","@id":"https:\/\/secure.gravatar.com\/avatar\/1fd5b20daa9a47a1102459a7c733d369075d8cc724ab489feb8ed72c657d346e?s=96&d=mm&r=g","url":"https:\/\/secure.gravatar.com\/avatar\/1fd5b20daa9a47a1102459a7c733d369075d8cc724ab489feb8ed72c657d346e?s=96&d=mm&r=g","height":96,"width":96}},"publisher":{"@type":"Organization","name":"woraif.cz","logo":{"@type":"ImageObject","@id":"\/logo.png","url":"\/logo.png","width":600,"height":60}},"image":{"@type":"ImageObject","@id":"https:\/\/www.woraif.cz\/wp-content\/uploads\/pexels-photo-7179718.jpeg","url":"https:\/\/www.woraif.cz\/wp-content\/uploads\/pexels-photo-7179718.jpeg","height":0,"width":0},"keywords":null},{"@type":"Article","@id":"https:\/\/www.woraif.cz\/co-s-vami-udela-topeni-v-podlaze\/","headline":"Co s v\u00e1mi ud\u011bl\u00e1 topen\u00ed v podlaze","url":"https:\/\/www.woraif.cz\/co-s-vami-udela-topeni-v-podlaze\/","datePublished":"2023-06-20","dateModified":"2023-07-20","mainEntityOfPage":"https:\/\/www.woraif.cz\/co-s-vami-udela-topeni-v-podlaze\/","author":{"@type":"Person","@id":"https:\/\/www.woraif.cz\/author\/devene\/#Person","name":"devene","url":"https:\/\/www.woraif.cz\/author\/devene\/","identifier":1,"image":{"@type":"ImageObject","@id":"https:\/\/secure.gravatar.com\/avatar\/1fd5b20daa9a47a1102459a7c733d369075d8cc724ab489feb8ed72c657d346e?s=96&d=mm&r=g","url":"https:\/\/secure.gravatar.com\/avatar\/1fd5b20daa9a47a1102459a7c733d369075d8cc724ab489feb8ed72c657d346e?s=96&d=mm&r=g","height":96,"width":96}},"publisher":{"@type":"Organization","name":"woraif.cz","logo":{"@type":"ImageObject","@id":"\/logo.png","url":"\/logo.png","width":600,"height":60}},"image":{"@type":"ImageObject","@id":"https:\/\/www.woraif.cz\/wp-content\/uploads\/pexels-anastasiya-gepp-2036562.jpg","url":"https:\/\/www.woraif.cz\/wp-content\/uploads\/pexels-anastasiya-gepp-2036562.jpg","height":0,"width":0},"keywords":null},{"@type":"Article","@id":"https:\/\/www.woraif.cz\/ziskejte-svuj-jedinecny-satnik\/","headline":"Z\u00edskejte sv\u016fj jedine\u010dn\u00fd \u0161atn\u00edk","url":"https:\/\/www.woraif.cz\/ziskejte-svuj-jedinecny-satnik\/","datePublished":"2023-06-19","dateModified":"2023-07-19","mainEntityOfPage":"https:\/\/www.woraif.cz\/ziskejte-svuj-jedinecny-satnik\/","author":{"@type":"Person","@id":"https:\/\/www.woraif.cz\/author\/devene\/#Person","name":"devene","url":"https:\/\/www.woraif.cz\/author\/devene\/","identifier":1,"image":{"@type":"ImageObject","@id":"https:\/\/secure.gravatar.com\/avatar\/1fd5b20daa9a47a1102459a7c733d369075d8cc724ab489feb8ed72c657d346e?s=96&d=mm&r=g","url":"https:\/\/secure.gravatar.com\/avatar\/1fd5b20daa9a47a1102459a7c733d369075d8cc724ab489feb8ed72c657d346e?s=96&d=mm&r=g","height":96,"width":96}},"publisher":{"@type":"Organization","name":"woraif.cz","logo":{"@type":"ImageObject","@id":"\/logo.png","url":"\/logo.png","width":600,"height":60}},"image":{"@type":"ImageObject","@id":"https:\/\/www.woraif.cz\/wp-content\/uploads\/vesaky.jpg","url":"https:\/\/www.woraif.cz\/wp-content\/uploads\/vesaky.jpg","height":0,"width":0},"keywords":null}]}