[{"@context":"https:\/\/schema.org\/","@type":"Blog","@id":"https:\/\/www.woraif.cz#Blog","headline":"Woraif","description":"\nN\u00e1\u0161 web vznikl pro v\u0161echny lidi, kte\u0159\u00ed pot\u0159ebuj\u00ed pomoc podobn\u00e9ho typu. A kdy\u017e tu na n\u011bj lid\u00e9 s\u00e1zej\u00ed, je tedy nad slunce jasn\u00e9, \u017ee \u010din\u00ed dob\u0159e.","url":"https:\/\/www.woraif.cz","hasPart":[{"@type":"Article","@id":"https:\/\/www.woraif.cz\/jake-je-nejlepsi-kotveni-polystyrenu-do-fasady\/","headline":"Jak\u00e9 je nejlep\u0161\u00ed kotven\u00ed polystyrenu do fas\u00e1dy","url":"https:\/\/www.woraif.cz\/jake-je-nejlepsi-kotveni-polystyrenu-do-fasady\/","datePublished":"2024-10-11","dateModified":"2024-10-11","mainEntityOfPage":"https:\/\/www.woraif.cz\/jake-je-nejlepsi-kotveni-polystyrenu-do-fasady\/","author":{"@type":"Person","@id":"https:\/\/www.woraif.cz\/author\/devene\/#Person","name":"devene","url":"https:\/\/www.woraif.cz\/author\/devene\/","identifier":1,"image":{"@type":"ImageObject","@id":"https:\/\/secure.gravatar.com\/avatar\/1fd5b20daa9a47a1102459a7c733d369075d8cc724ab489feb8ed72c657d346e?s=96&d=mm&r=g","url":"https:\/\/secure.gravatar.com\/avatar\/1fd5b20daa9a47a1102459a7c733d369075d8cc724ab489feb8ed72c657d346e?s=96&d=mm&r=g","height":96,"width":96}},"publisher":{"@type":"Organization","name":"woraif.cz","logo":{"@type":"ImageObject","@id":"\/logo.png","url":"\/logo.png","width":600,"height":60}},"image":{"@type":"ImageObject","@id":"https:\/\/www.woraif.cz\/wp-content\/uploads\/building-1210677_640_4.jpg","url":"https:\/\/www.woraif.cz\/wp-content\/uploads\/building-1210677_640_4.jpg","height":0,"width":0},"wordCount":601,"keywords":null},{"@type":"Article","@id":"https:\/\/www.woraif.cz\/letni-slunovrat-v-ceskych-budejovicich\/","headline":"Letn\u00ed slunovrat v \u010cesk\u00fdch Bud\u011bjovic\u00edch","url":"https:\/\/www.woraif.cz\/letni-slunovrat-v-ceskych-budejovicich\/","datePublished":"2024-10-06","dateModified":"2024-10-06","mainEntityOfPage":"https:\/\/www.woraif.cz\/letni-slunovrat-v-ceskych-budejovicich\/","author":{"@type":"Person","@id":"https:\/\/www.woraif.cz\/author\/devene\/#Person","name":"devene","url":"https:\/\/www.woraif.cz\/author\/devene\/","identifier":1,"image":{"@type":"ImageObject","@id":"https:\/\/secure.gravatar.com\/avatar\/1fd5b20daa9a47a1102459a7c733d369075d8cc724ab489feb8ed72c657d346e?s=96&d=mm&r=g","url":"https:\/\/secure.gravatar.com\/avatar\/1fd5b20daa9a47a1102459a7c733d369075d8cc724ab489feb8ed72c657d346e?s=96&d=mm&r=g","height":96,"width":96}},"publisher":{"@type":"Organization","name":"woraif.cz","logo":{"@type":"ImageObject","@id":"\/logo.png","url":"\/logo.png","width":600,"height":60}},"image":{"@type":"ImageObject","@id":"https:\/\/www.woraif.cz\/wp-content\/uploads\/czech-4489869_640_10_6.jpg","url":"https:\/\/www.woraif.cz\/wp-content\/uploads\/czech-4489869_640_10_6.jpg","height":0,"width":0},"wordCount":663,"keywords":null},{"@type":"Article","@id":"https:\/\/www.woraif.cz\/zeny-a-jejich-touha-po-rodine\/","headline":"\u017deny a jejich touha po rodin\u011b","url":"https:\/\/www.woraif.cz\/zeny-a-jejich-touha-po-rodine\/","datePublished":"2024-09-25","dateModified":"2024-09-25","mainEntityOfPage":"https:\/\/www.woraif.cz\/zeny-a-jejich-touha-po-rodine\/","author":{"@type":"Person","@id":"https:\/\/www.woraif.cz\/author\/devene\/#Person","name":"devene","url":"https:\/\/www.woraif.cz\/author\/devene\/","identifier":1,"image":{"@type":"ImageObject","@id":"https:\/\/secure.gravatar.com\/avatar\/1fd5b20daa9a47a1102459a7c733d369075d8cc724ab489feb8ed72c657d346e?s=96&d=mm&r=g","url":"https:\/\/secure.gravatar.com\/avatar\/1fd5b20daa9a47a1102459a7c733d369075d8cc724ab489feb8ed72c657d346e?s=96&d=mm&r=g","height":96,"width":96}},"publisher":{"@type":"Organization","name":"woraif.cz","logo":{"@type":"ImageObject","@id":"\/logo.png","url":"\/logo.png","width":600,"height":60}},"image":{"@type":"ImageObject","@id":"https:\/\/www.woraif.cz\/wp-content\/uploads\/pink-hair-1450045_640_3.jpg","url":"https:\/\/www.woraif.cz\/wp-content\/uploads\/pink-hair-1450045_640_3.jpg","height":0,"width":0},"wordCount":526,"keywords":null},{"@type":"Article","@id":"https:\/\/www.woraif.cz\/meditace-jako-cesta-k-vyrovnanemu-zivotnimu-stylu\/","headline":"Meditace jako cesta k vyrovnan\u00e9mu \u017eivotn\u00edmu stylu","url":"https:\/\/www.woraif.cz\/meditace-jako-cesta-k-vyrovnanemu-zivotnimu-stylu\/","datePublished":"2024-09-24","dateModified":"2024-09-24","mainEntityOfPage":"https:\/\/www.woraif.cz\/meditace-jako-cesta-k-vyrovnanemu-zivotnimu-stylu\/","author":{"@type":"Person","@id":"https:\/\/www.woraif.cz\/author\/devene\/#Person","name":"devene","url":"https:\/\/www.woraif.cz\/author\/devene\/","identifier":1,"image":{"@type":"ImageObject","@id":"https:\/\/secure.gravatar.com\/avatar\/1fd5b20daa9a47a1102459a7c733d369075d8cc724ab489feb8ed72c657d346e?s=96&d=mm&r=g","url":"https:\/\/secure.gravatar.com\/avatar\/1fd5b20daa9a47a1102459a7c733d369075d8cc724ab489feb8ed72c657d346e?s=96&d=mm&r=g","height":96,"width":96}},"publisher":{"@type":"Organization","name":"woraif.cz","logo":{"@type":"ImageObject","@id":"\/logo.png","url":"\/logo.png","width":600,"height":60}},"image":{"@type":"ImageObject","@id":"https:\/\/www.woraif.cz\/wp-content\/uploads\/pexels-prasanthinturi-1051838.jpg","url":"https:\/\/www.woraif.cz\/wp-content\/uploads\/pexels-prasanthinturi-1051838.jpg","height":0,"width":0},"wordCount":485,"keywords":null},{"@type":"Article","@id":"https:\/\/www.woraif.cz\/penez-byva-malo\/","headline":"Pen\u011bz b\u00fdv\u00e1 m\u00e1lo","url":"https:\/\/www.woraif.cz\/penez-byva-malo\/","datePublished":"2024-09-22","dateModified":"2024-09-22","mainEntityOfPage":"https:\/\/www.woraif.cz\/penez-byva-malo\/","author":{"@type":"Person","@id":"https:\/\/www.woraif.cz\/author\/devene\/#Person","name":"devene","url":"https:\/\/www.woraif.cz\/author\/devene\/","identifier":1,"image":{"@type":"ImageObject","@id":"https:\/\/secure.gravatar.com\/avatar\/1fd5b20daa9a47a1102459a7c733d369075d8cc724ab489feb8ed72c657d346e?s=96&d=mm&r=g","url":"https:\/\/secure.gravatar.com\/avatar\/1fd5b20daa9a47a1102459a7c733d369075d8cc724ab489feb8ed72c657d346e?s=96&d=mm&r=g","height":96,"width":96}},"publisher":{"@type":"Organization","name":"woraif.cz","logo":{"@type":"ImageObject","@id":"\/logo.png","url":"\/logo.png","width":600,"height":60}},"image":{"@type":"ImageObject","@id":"https:\/\/www.woraif.cz\/wp-content\/uploads\/pppppppppppppppppppppppppppppppppppppppppppppppppppppppppppppppppppppppppppppppppppppppppppp_1.jpg","url":"https:\/\/www.woraif.cz\/wp-content\/uploads\/pppppppppppppppppppppppppppppppppppppppppppppppppppppppppppppppppppppppppppppppppppppppppppp_1.jpg","height":0,"width":0},"wordCount":633,"keywords":null},{"@type":"Article","@id":"https:\/\/www.woraif.cz\/zeny-a-nakupy-bot\/","headline":"\u017deny a n\u00e1kupy bot","url":"https:\/\/www.woraif.cz\/zeny-a-nakupy-bot\/","datePublished":"2024-05-30","dateModified":"2024-05-30","mainEntityOfPage":"https:\/\/www.woraif.cz\/zeny-a-nakupy-bot\/","author":{"@type":"Person","@id":"https:\/\/www.woraif.cz\/author\/devene\/#Person","name":"devene","url":"https:\/\/www.woraif.cz\/author\/devene\/","identifier":1,"image":{"@type":"ImageObject","@id":"https:\/\/secure.gravatar.com\/avatar\/1fd5b20daa9a47a1102459a7c733d369075d8cc724ab489feb8ed72c657d346e?s=96&d=mm&r=g","url":"https:\/\/secure.gravatar.com\/avatar\/1fd5b20daa9a47a1102459a7c733d369075d8cc724ab489feb8ed72c657d346e?s=96&d=mm&r=g","height":96,"width":96}},"publisher":{"@type":"Organization","name":"woraif.cz","logo":{"@type":"ImageObject","@id":"\/logo.png","url":"\/logo.png","width":600,"height":60}},"image":{"@type":"ImageObject","@id":"https:\/\/www.woraif.cz\/wp-content\/uploads\/rain-791893_640_3.jpg","url":"https:\/\/www.woraif.cz\/wp-content\/uploads\/rain-791893_640_3.jpg","height":0,"width":0},"wordCount":543,"keywords":null},{"@type":"Article","@id":"https:\/\/www.woraif.cz\/rychlost-si-lide-neuvedomuji\/","headline":"Rychlost si lid\u00e9 neuv\u011bdomuj\u00ed","url":"https:\/\/www.woraif.cz\/rychlost-si-lide-neuvedomuji\/","datePublished":"2024-05-29","dateModified":"2024-05-29","mainEntityOfPage":"https:\/\/www.woraif.cz\/rychlost-si-lide-neuvedomuji\/","author":{"@type":"Person","@id":"https:\/\/www.woraif.cz\/author\/devene\/#Person","name":"devene","url":"https:\/\/www.woraif.cz\/author\/devene\/","identifier":1,"image":{"@type":"ImageObject","@id":"https:\/\/secure.gravatar.com\/avatar\/1fd5b20daa9a47a1102459a7c733d369075d8cc724ab489feb8ed72c657d346e?s=96&d=mm&r=g","url":"https:\/\/secure.gravatar.com\/avatar\/1fd5b20daa9a47a1102459a7c733d369075d8cc724ab489feb8ed72c657d346e?s=96&d=mm&r=g","height":96,"width":96}},"publisher":{"@type":"Organization","name":"woraif.cz","logo":{"@type":"ImageObject","@id":"\/logo.png","url":"\/logo.png","width":600,"height":60}},"image":{"@type":"ImageObject","@id":"https:\/\/www.woraif.cz\/wp-content\/uploads\/%C5%BEena%20v%20aut%C4%9B_10_3.jpg","url":"https:\/\/www.woraif.cz\/wp-content\/uploads\/%C5%BEena%20v%20aut%C4%9B_10_3.jpg","height":0,"width":0},"wordCount":567,"keywords":null},{"@type":"Article","@id":"https:\/\/www.woraif.cz\/varianty-vyberu-v-mnoha-tvarich\/","headline":"Varianty v\u00fdb\u011bru v mnoha tv\u00e1\u0159\u00edch","url":"https:\/\/www.woraif.cz\/varianty-vyberu-v-mnoha-tvarich\/","datePublished":"2024-05-02","dateModified":"2024-05-02","mainEntityOfPage":"https:\/\/www.woraif.cz\/varianty-vyberu-v-mnoha-tvarich\/","author":{"@type":"Person","@id":"https:\/\/www.woraif.cz\/author\/devene\/#Person","name":"devene","url":"https:\/\/www.woraif.cz\/author\/devene\/","identifier":1,"image":{"@type":"ImageObject","@id":"https:\/\/secure.gravatar.com\/avatar\/1fd5b20daa9a47a1102459a7c733d369075d8cc724ab489feb8ed72c657d346e?s=96&d=mm&r=g","url":"https:\/\/secure.gravatar.com\/avatar\/1fd5b20daa9a47a1102459a7c733d369075d8cc724ab489feb8ed72c657d346e?s=96&d=mm&r=g","height":96,"width":96}},"publisher":{"@type":"Organization","name":"woraif.cz","logo":{"@type":"ImageObject","@id":"\/logo.png","url":"\/logo.png","width":600,"height":60}},"image":null,"wordCount":229,"keywords":null},{"@type":"Article","@id":"https:\/\/www.woraif.cz\/to-nejlepsi-obleceni-na-motorku\/","headline":"To nejlep\u0161\u00ed oble\u010den\u00ed na motorku","url":"https:\/\/www.woraif.cz\/to-nejlepsi-obleceni-na-motorku\/","datePublished":"2024-04-24","dateModified":"2024-04-24","mainEntityOfPage":"https:\/\/www.woraif.cz\/to-nejlepsi-obleceni-na-motorku\/","author":{"@type":"Person","@id":"https:\/\/www.woraif.cz\/author\/devene\/#Person","name":"devene","url":"https:\/\/www.woraif.cz\/author\/devene\/","identifier":1,"image":{"@type":"ImageObject","@id":"https:\/\/secure.gravatar.com\/avatar\/1fd5b20daa9a47a1102459a7c733d369075d8cc724ab489feb8ed72c657d346e?s=96&d=mm&r=g","url":"https:\/\/secure.gravatar.com\/avatar\/1fd5b20daa9a47a1102459a7c733d369075d8cc724ab489feb8ed72c657d346e?s=96&d=mm&r=g","height":96,"width":96}},"publisher":{"@type":"Organization","name":"woraif.cz","logo":{"@type":"ImageObject","@id":"\/logo.png","url":"\/logo.png","width":600,"height":60}},"image":null,"wordCount":280,"keywords":null},{"@type":"Article","@id":"https:\/\/www.woraif.cz\/vyzkousejte-reklamu\/","headline":"Vyzkou\u0161ejte reklamu","url":"https:\/\/www.woraif.cz\/vyzkousejte-reklamu\/","datePublished":"2024-04-22","dateModified":"2024-04-26","mainEntityOfPage":"https:\/\/www.woraif.cz\/vyzkousejte-reklamu\/","author":{"@type":"Person","@id":"https:\/\/www.woraif.cz\/author\/devene\/#Person","name":"devene","url":"https:\/\/www.woraif.cz\/author\/devene\/","identifier":1,"image":{"@type":"ImageObject","@id":"https:\/\/secure.gravatar.com\/avatar\/1fd5b20daa9a47a1102459a7c733d369075d8cc724ab489feb8ed72c657d346e?s=96&d=mm&r=g","url":"https:\/\/secure.gravatar.com\/avatar\/1fd5b20daa9a47a1102459a7c733d369075d8cc724ab489feb8ed72c657d346e?s=96&d=mm&r=g","height":96,"width":96}},"publisher":{"@type":"Organization","name":"woraif.cz","logo":{"@type":"ImageObject","@id":"\/logo.png","url":"\/logo.png","width":600,"height":60}},"image":{"@type":"ImageObject","@id":"https:\/\/www.woraif.cz\/wp-content\/uploads\/man-1718099_1280_2.jpg","url":"https:\/\/www.woraif.cz\/wp-content\/uploads\/man-1718099_1280_2.jpg","height":0,"width":0},"wordCount":513,"keywords":null}]},{"@context":"https:\/\/schema.org","@type":"WebSite","@id":"https:\/\/www.woraif.cz\/#website","name":"Woraif","url":"https:\/\/www.woraif.cz","potentialAction":{"@type":"SearchAction","target":"https:\/\/www.woraif.cz\/?s={search_term_string}","query-input":"required name=search_term_string"}}]