[{"@context":"https:\/\/schema.org\/","@type":"Blog","@id":"https:\/\/www.woraif.cz#Blog","headline":"Woraif","description":"\nN\u00e1\u0161 web vznikl pro v\u0161echny lidi, kte\u0159\u00ed pot\u0159ebuj\u00ed pomoc podobn\u00e9ho typu. A kdy\u017e tu na n\u011bj lid\u00e9 s\u00e1zej\u00ed, je tedy nad slunce jasn\u00e9, \u017ee \u010din\u00ed dob\u0159e.","url":"https:\/\/www.woraif.cz","hasPart":[{"@type":"Article","@id":"https:\/\/www.woraif.cz\/zeny-na-urovni\/","headline":"\u017deny na \u00farovni","url":"https:\/\/www.woraif.cz\/zeny-na-urovni\/","datePublished":"2024-11-16","dateModified":"2024-11-16","mainEntityOfPage":"https:\/\/www.woraif.cz\/zeny-na-urovni\/","author":{"@type":"Person","@id":"https:\/\/www.woraif.cz\/author\/devene\/#Person","name":"devene","url":"https:\/\/www.woraif.cz\/author\/devene\/","identifier":1,"image":{"@type":"ImageObject","@id":"https:\/\/secure.gravatar.com\/avatar\/1fd5b20daa9a47a1102459a7c733d369075d8cc724ab489feb8ed72c657d346e?s=96&d=mm&r=g","url":"https:\/\/secure.gravatar.com\/avatar\/1fd5b20daa9a47a1102459a7c733d369075d8cc724ab489feb8ed72c657d346e?s=96&d=mm&r=g","height":96,"width":96}},"publisher":{"@type":"Organization","name":"woraif.cz","logo":{"@type":"ImageObject","@id":"\/logo.png","url":"\/logo.png","width":600,"height":60}},"image":{"@type":"ImageObject","@id":"https:\/\/www.woraif.cz\/wp-content\/uploads\/people-3243831_640_3.jpg","url":"https:\/\/www.woraif.cz\/wp-content\/uploads\/people-3243831_640_3.jpg","height":0,"width":0},"wordCount":536,"keywords":null},{"@type":"Article","@id":"https:\/\/www.woraif.cz\/informace-ktere-je-nutno-znat\/","headline":"Informace, kter\u00e9 je nutno zn\u00e1t","url":"https:\/\/www.woraif.cz\/informace-ktere-je-nutno-znat\/","datePublished":"2024-11-16","dateModified":"2024-11-16","mainEntityOfPage":"https:\/\/www.woraif.cz\/informace-ktere-je-nutno-znat\/","author":{"@type":"Person","@id":"https:\/\/www.woraif.cz\/author\/devene\/#Person","name":"devene","url":"https:\/\/www.woraif.cz\/author\/devene\/","identifier":1,"image":{"@type":"ImageObject","@id":"https:\/\/secure.gravatar.com\/avatar\/1fd5b20daa9a47a1102459a7c733d369075d8cc724ab489feb8ed72c657d346e?s=96&d=mm&r=g","url":"https:\/\/secure.gravatar.com\/avatar\/1fd5b20daa9a47a1102459a7c733d369075d8cc724ab489feb8ed72c657d346e?s=96&d=mm&r=g","height":96,"width":96}},"publisher":{"@type":"Organization","name":"woraif.cz","logo":{"@type":"ImageObject","@id":"\/logo.png","url":"\/logo.png","width":600,"height":60}},"image":null,"wordCount":229,"keywords":null},{"@type":"Article","@id":"https:\/\/www.woraif.cz\/obrazy-do-ruznych-pokoju\/","headline":"Obrazy do r\u016fzn\u00fdch pokoj\u016f?","url":"https:\/\/www.woraif.cz\/obrazy-do-ruznych-pokoju\/","datePublished":"2024-11-11","dateModified":"2024-11-11","mainEntityOfPage":"https:\/\/www.woraif.cz\/obrazy-do-ruznych-pokoju\/","author":{"@type":"Person","@id":"https:\/\/www.woraif.cz\/author\/devene\/#Person","name":"devene","url":"https:\/\/www.woraif.cz\/author\/devene\/","identifier":1,"image":{"@type":"ImageObject","@id":"https:\/\/secure.gravatar.com\/avatar\/1fd5b20daa9a47a1102459a7c733d369075d8cc724ab489feb8ed72c657d346e?s=96&d=mm&r=g","url":"https:\/\/secure.gravatar.com\/avatar\/1fd5b20daa9a47a1102459a7c733d369075d8cc724ab489feb8ed72c657d346e?s=96&d=mm&r=g","height":96,"width":96}},"publisher":{"@type":"Organization","name":"woraif.cz","logo":{"@type":"ImageObject","@id":"\/logo.png","url":"\/logo.png","width":600,"height":60}},"image":null,"wordCount":235,"keywords":null},{"@type":"Article","@id":"https:\/\/www.woraif.cz\/krasne-saty-i-na-vasi-svatbu\/","headline":"Kr\u00e1sn\u00e9 \u0161aty i na va\u0161i svatbu","url":"https:\/\/www.woraif.cz\/krasne-saty-i-na-vasi-svatbu\/","datePublished":"2024-11-09","dateModified":"2024-11-09","mainEntityOfPage":"https:\/\/www.woraif.cz\/krasne-saty-i-na-vasi-svatbu\/","author":{"@type":"Person","@id":"https:\/\/www.woraif.cz\/author\/devene\/#Person","name":"devene","url":"https:\/\/www.woraif.cz\/author\/devene\/","identifier":1,"image":{"@type":"ImageObject","@id":"https:\/\/secure.gravatar.com\/avatar\/1fd5b20daa9a47a1102459a7c733d369075d8cc724ab489feb8ed72c657d346e?s=96&d=mm&r=g","url":"https:\/\/secure.gravatar.com\/avatar\/1fd5b20daa9a47a1102459a7c733d369075d8cc724ab489feb8ed72c657d346e?s=96&d=mm&r=g","height":96,"width":96}},"publisher":{"@type":"Organization","name":"woraif.cz","logo":{"@type":"ImageObject","@id":"\/logo.png","url":"\/logo.png","width":600,"height":60}},"image":{"@type":"ImageObject","@id":"https:\/\/www.woraif.cz\/wp-content\/uploads\/wedding-dress-1813568_640.jpg","url":"https:\/\/www.woraif.cz\/wp-content\/uploads\/wedding-dress-1813568_640.jpg","height":0,"width":0},"wordCount":726,"keywords":null},{"@type":"Article","@id":"https:\/\/www.woraif.cz\/pokladka-kvalitni-vinylove-plovouci-podlahy-je-neskutecne-snadna-a-rychla\/","headline":"Pokl\u00e1dka kvalitn\u00ed vinylov\u00e9 plovouc\u00ed podlahy je neskute\u010dn\u011b snadn\u00e1 a rychl\u00e1","url":"https:\/\/www.woraif.cz\/pokladka-kvalitni-vinylove-plovouci-podlahy-je-neskutecne-snadna-a-rychla\/","datePublished":"2024-11-04","dateModified":"2024-11-04","mainEntityOfPage":"https:\/\/www.woraif.cz\/pokladka-kvalitni-vinylove-plovouci-podlahy-je-neskutecne-snadna-a-rychla\/","author":{"@type":"Person","@id":"https:\/\/www.woraif.cz\/author\/devene\/#Person","name":"devene","url":"https:\/\/www.woraif.cz\/author\/devene\/","identifier":1,"image":{"@type":"ImageObject","@id":"https:\/\/secure.gravatar.com\/avatar\/1fd5b20daa9a47a1102459a7c733d369075d8cc724ab489feb8ed72c657d346e?s=96&d=mm&r=g","url":"https:\/\/secure.gravatar.com\/avatar\/1fd5b20daa9a47a1102459a7c733d369075d8cc724ab489feb8ed72c657d346e?s=96&d=mm&r=g","height":96,"width":96}},"publisher":{"@type":"Organization","name":"woraif.cz","logo":{"@type":"ImageObject","@id":"\/logo.png","url":"\/logo.png","width":600,"height":60}},"image":null,"wordCount":257,"keywords":null},{"@type":"Article","@id":"https:\/\/www.woraif.cz\/hudobny-festival\/","headline":"Hudobn\u00fd festival","url":"https:\/\/www.woraif.cz\/hudobny-festival\/","datePublished":"2024-10-27","dateModified":"2024-10-27","mainEntityOfPage":"https:\/\/www.woraif.cz\/hudobny-festival\/","author":{"@type":"Person","@id":"https:\/\/www.woraif.cz\/author\/devene\/#Person","name":"devene","url":"https:\/\/www.woraif.cz\/author\/devene\/","identifier":1,"image":{"@type":"ImageObject","@id":"https:\/\/secure.gravatar.com\/avatar\/1fd5b20daa9a47a1102459a7c733d369075d8cc724ab489feb8ed72c657d346e?s=96&d=mm&r=g","url":"https:\/\/secure.gravatar.com\/avatar\/1fd5b20daa9a47a1102459a7c733d369075d8cc724ab489feb8ed72c657d346e?s=96&d=mm&r=g","height":96,"width":96}},"publisher":{"@type":"Organization","name":"woraif.cz","logo":{"@type":"ImageObject","@id":"\/logo.png","url":"\/logo.png","width":600,"height":60}},"image":null,"wordCount":270,"keywords":null},{"@type":"Article","@id":"https:\/\/www.woraif.cz\/na-co-myslet-pri-zarizovani-bytu\/","headline":"Na co myslet p\u0159i za\u0159izov\u00e1n\u00ed bytu","url":"https:\/\/www.woraif.cz\/na-co-myslet-pri-zarizovani-bytu\/","datePublished":"2024-10-23","dateModified":"2024-10-23","mainEntityOfPage":"https:\/\/www.woraif.cz\/na-co-myslet-pri-zarizovani-bytu\/","author":{"@type":"Person","@id":"https:\/\/www.woraif.cz\/author\/devene\/#Person","name":"devene","url":"https:\/\/www.woraif.cz\/author\/devene\/","identifier":1,"image":{"@type":"ImageObject","@id":"https:\/\/secure.gravatar.com\/avatar\/1fd5b20daa9a47a1102459a7c733d369075d8cc724ab489feb8ed72c657d346e?s=96&d=mm&r=g","url":"https:\/\/secure.gravatar.com\/avatar\/1fd5b20daa9a47a1102459a7c733d369075d8cc724ab489feb8ed72c657d346e?s=96&d=mm&r=g","height":96,"width":96}},"publisher":{"@type":"Organization","name":"woraif.cz","logo":{"@type":"ImageObject","@id":"\/logo.png","url":"\/logo.png","width":600,"height":60}},"image":{"@type":"ImageObject","@id":"https:\/\/www.woraif.cz\/wp-content\/uploads\/byt2_10_10_10_6.jpg","url":"https:\/\/www.woraif.cz\/wp-content\/uploads\/byt2_10_10_10_6.jpg","height":0,"width":0},"wordCount":527,"keywords":null},{"@type":"Article","@id":"https:\/\/www.woraif.cz\/vyreste-problem-s-erekci\/","headline":"Vy\u0159e\u0161te probl\u00e9m s erekc\u00ed","url":"https:\/\/www.woraif.cz\/vyreste-problem-s-erekci\/","datePublished":"2024-10-22","dateModified":"2024-10-22","mainEntityOfPage":"https:\/\/www.woraif.cz\/vyreste-problem-s-erekci\/","author":{"@type":"Person","@id":"https:\/\/www.woraif.cz\/author\/devene\/#Person","name":"devene","url":"https:\/\/www.woraif.cz\/author\/devene\/","identifier":1,"image":{"@type":"ImageObject","@id":"https:\/\/secure.gravatar.com\/avatar\/1fd5b20daa9a47a1102459a7c733d369075d8cc724ab489feb8ed72c657d346e?s=96&d=mm&r=g","url":"https:\/\/secure.gravatar.com\/avatar\/1fd5b20daa9a47a1102459a7c733d369075d8cc724ab489feb8ed72c657d346e?s=96&d=mm&r=g","height":96,"width":96}},"publisher":{"@type":"Organization","name":"woraif.cz","logo":{"@type":"ImageObject","@id":"\/logo.png","url":"\/logo.png","width":600,"height":60}},"image":{"@type":"ImageObject","@id":"https:\/\/www.woraif.cz\/wp-content\/uploads\/myriam-zilles-KltoLK6Mk-g-unsplash_10.jpg","url":"https:\/\/www.woraif.cz\/wp-content\/uploads\/myriam-zilles-KltoLK6Mk-g-unsplash_10.jpg","height":0,"width":0},"wordCount":797,"keywords":null},{"@type":"Article","@id":"https:\/\/www.woraif.cz\/diky-kvalitnim-balkonum-bude-dum-vypadat-lepe\/","headline":"D\u00edky kvalitn\u00edm balkon\u016fm bude d\u016fm vypadat l\u00e9pe","url":"https:\/\/www.woraif.cz\/diky-kvalitnim-balkonum-bude-dum-vypadat-lepe\/","datePublished":"2024-10-20","dateModified":"2024-10-20","mainEntityOfPage":"https:\/\/www.woraif.cz\/diky-kvalitnim-balkonum-bude-dum-vypadat-lepe\/","author":{"@type":"Person","@id":"https:\/\/www.woraif.cz\/author\/devene\/#Person","name":"devene","url":"https:\/\/www.woraif.cz\/author\/devene\/","identifier":1,"image":{"@type":"ImageObject","@id":"https:\/\/secure.gravatar.com\/avatar\/1fd5b20daa9a47a1102459a7c733d369075d8cc724ab489feb8ed72c657d346e?s=96&d=mm&r=g","url":"https:\/\/secure.gravatar.com\/avatar\/1fd5b20daa9a47a1102459a7c733d369075d8cc724ab489feb8ed72c657d346e?s=96&d=mm&r=g","height":96,"width":96}},"publisher":{"@type":"Organization","name":"woraif.cz","logo":{"@type":"ImageObject","@id":"\/logo.png","url":"\/logo.png","width":600,"height":60}},"image":null,"wordCount":269,"keywords":null},{"@type":"Article","@id":"https:\/\/www.woraif.cz\/navrat-k-prirode\/","headline":"N\u00e1vrat k p\u0159\u00edrod\u011b","url":"https:\/\/www.woraif.cz\/navrat-k-prirode\/","datePublished":"2024-10-14","dateModified":"2024-10-14","mainEntityOfPage":"https:\/\/www.woraif.cz\/navrat-k-prirode\/","author":{"@type":"Person","@id":"https:\/\/www.woraif.cz\/author\/devene\/#Person","name":"devene","url":"https:\/\/www.woraif.cz\/author\/devene\/","identifier":1,"image":{"@type":"ImageObject","@id":"https:\/\/secure.gravatar.com\/avatar\/1fd5b20daa9a47a1102459a7c733d369075d8cc724ab489feb8ed72c657d346e?s=96&d=mm&r=g","url":"https:\/\/secure.gravatar.com\/avatar\/1fd5b20daa9a47a1102459a7c733d369075d8cc724ab489feb8ed72c657d346e?s=96&d=mm&r=g","height":96,"width":96}},"publisher":{"@type":"Organization","name":"woraif.cz","logo":{"@type":"ImageObject","@id":"\/logo.png","url":"\/logo.png","width":600,"height":60}},"image":{"@type":"ImageObject","@id":"https:\/\/www.woraif.cz\/wp-content\/uploads\/chalet-1005638_640_3.jpg","url":"https:\/\/www.woraif.cz\/wp-content\/uploads\/chalet-1005638_640_3.jpg","height":0,"width":0},"wordCount":640,"keywords":null}]},{"@context":"https:\/\/schema.org","@type":"WebSite","@id":"https:\/\/www.woraif.cz\/#website","name":"Woraif","url":"https:\/\/www.woraif.cz","potentialAction":{"@type":"SearchAction","target":"https:\/\/www.woraif.cz\/?s={search_term_string}","query-input":"required name=search_term_string"}}]