[{"@context":"https:\/\/schema.org\/","@type":"Article","@id":"https:\/\/www.woraif.cz\/nestaci-brat-a-utracet\/#Article","mainEntityOfPage":"https:\/\/www.woraif.cz\/nestaci-brat-a-utracet\/","headline":"Nesta\u010d\u00ed br\u00e1t a utr\u00e1cet","name":"Nesta\u010d\u00ed br\u00e1t a utr\u00e1cet","description":"Troufnu si tvrdit, \u017ee je mezi n\u00e1mi dost lid\u00ed, kte\u0159\u00ed by sice mohli soukrom\u011b podnikat ku prosp\u011bchu n\u00e1s v\u0161ech a samoz\u0159ejm\u011b i jich samotn\u00fdch, ale nepodnikaj\u00ed a rad\u011bji se nechaj\u00ed docela ban\u00e1ln\u011b u n\u011bkoho zam\u011bstnat, stejn\u011b jako ti, kdo na n\u011bjak\u00e9 podnik\u00e1n\u00ed nemaj\u00ed. A tak\u00e9 si troufnu tvrdit, \u017ee leckomu z t\u011bch, kdo nepodnikaj\u00ed, se do toho necht\u011blo a nechce [&hellip;]","datePublished":"2022-07-23","dateModified":"2022-07-23","author":{"@type":"Person","@id":"https:\/\/www.woraif.cz\/author\/devene\/#Person","name":"devene","url":"https:\/\/www.woraif.cz\/author\/devene\/","identifier":1,"image":{"@type":"ImageObject","@id":"https:\/\/secure.gravatar.com\/avatar\/1fd5b20daa9a47a1102459a7c733d369075d8cc724ab489feb8ed72c657d346e?s=96&d=mm&r=g","url":"https:\/\/secure.gravatar.com\/avatar\/1fd5b20daa9a47a1102459a7c733d369075d8cc724ab489feb8ed72c657d346e?s=96&d=mm&r=g","height":96,"width":96}},"publisher":{"@type":"Organization","name":"woraif.cz","logo":{"@type":"ImageObject","@id":"\/logo.png","url":"\/logo.png","width":600,"height":60}},"image":{"@type":"ImageObject","@id":"https:\/\/www.woraif.cz\/wp-content\/uploads\/britsk%C3%A9%20libry_10_10_10_1.jpg","url":"https:\/\/www.woraif.cz\/wp-content\/uploads\/britsk%C3%A9%20libry_10_10_10_1.jpg","height":0,"width":0},"url":"https:\/\/www.woraif.cz\/nestaci-brat-a-utracet\/","about":["Nakupov\u00e1n\u00ed"],"wordCount":418,"articleBody":"   Troufnu si tvrdit, \u017ee je mezi n\u00e1mi dost lid\u00ed, kte\u0159\u00ed by sice mohli soukrom\u011b podnikat ku prosp\u011bchu n\u00e1s v\u0161ech a samoz\u0159ejm\u011b i jich samotn\u00fdch, ale nepodnikaj\u00ed a rad\u011bji se nechaj\u00ed docela ban\u00e1ln\u011b u n\u011bkoho zam\u011bstnat, stejn\u011b jako ti, kdo na n\u011bjak\u00e9 podnik\u00e1n\u00ed nemaj\u00ed. A tak\u00e9 si troufnu tvrdit, \u017ee leckomu z t\u011bch, kdo nepodnikaj\u00ed, se do toho necht\u011blo a nechce jenom proto, \u017ee se ob\u00e1vaj\u00ed z\u00e1le\u017eitost\u00ed financ\u00ed. A to nejen toho, zda by si na sebe vyd\u011blali, ale hlavn\u011b toho, jak by asi zvl\u00e1dali \u00fa\u010detnictv\u00ed.Ono toti\u017e dne\u0161n\u00ed \u00fa\u010detnictv\u00ed neznamen\u00e1 jenom to, \u017ee \u010dlov\u011bk spo\u010d\u00edt\u00e1 sv\u00e9 p\u0159\u00edjmy, ode\u010dte od nich to, co bude muset v z\u00e1jmu sv\u00e9ho podnik\u00e1n\u00ed utratit, a ze zbytku prost\u011b \u017eije. Tady je to daleko komplikovan\u011bj\u0161\u00ed. Kdo si vyd\u011bl\u00e1 podnik\u00e1n\u00edm, mus\u00ed samoz\u0159ejm\u011b zvl\u00e1dnout svoji vlastn\u00ed ob\u017eivu, jen\u017ee doty\u010dn\u00fd tak\u00e9 mus\u00ed odv\u00e9st v\u0161echny p\u0159edepsan\u00e9, docela slo\u017eit\u00e9 a \u010dasto se m\u011bn\u00edc\u00ed odvody, dan\u011b, poplatky, zdravotn\u00ed a jin\u00e1 poji\u0161t\u011bn\u00ed\u2026 A to v\u0161e se mus\u00ed nejen financovat, ale tak\u00e9 se v tom nesm\u00ed p\u0159i vy\u00fa\u010dtov\u00e1n\u00ed chybovat. Proto\u017ee kdyby n\u011bkdo p\u0159i\u0161el na kontrolu a na\u0161el nesrovnalosti, bylo by podnikateli t\u0159eba i hodn\u011b \u00fazko. A ne\u017e to, to rad\u0161i kdekdo schopn\u00fd podnikat ani neza\u010dne. A m\u00e1 klid.Ale ti, kdo podnikaj\u00ed, to p\u0159ece jenom nemus\u00ed m\u00edt zase a\u017e tak slo\u017eit\u00e9. Vyd\u011bl\u00e1vat a \u00fa\u010dtovat sice mus\u00ed za v\u0161ech okolnost\u00ed, ale pokud je to \u017e\u00e1douc\u00ed, m\u016f\u017ee jim pomoci veden\u00ed \u00fa\u010detnictv\u00ed Praha 9. Tedy rodinn\u00e1 firma, kter\u00e1 se komukoliv z podnikatel\u016f postar\u00e1 o to, aby m\u011bl v\u0161echna ta \u010d\u00edsla v po\u0159\u00e1dku, aby ho nikdo nemohl nachytat na \u0161vestk\u00e1ch.A to je pochopiteln\u011b pro leckoho ze soukromn\u00edk\u016f dokonal\u00e1 pomoc. Proto\u017ee kdekdo nem\u00e1 na \u00fa\u010detnictv\u00ed tolik \u010dasu, kolik by bylo pot\u0159eba, a n\u011bkdo tomu ani po\u0159\u00e1dn\u011b nerozum\u00ed. Co\u017e nen\u00ed ur\u00e1\u017eka. Proto\u017ee ten um\u00ed to a ten zase ono. A stejn\u011b jako by nezvl\u00e1dal t\u0159eba n\u011bjak\u00fd majitel restaurace \u00fa\u010detnictv\u00ed, nezvl\u00e1dl by n\u00e1m n\u011bkdo z finan\u010dn\u00edho \u00fa\u0159adu, kter\u00fd tomu rozum\u00ed, pro zm\u011bnu uva\u0159it ob\u011bd.A bylo by smutn\u00e9, kdyby ti, kdo n\u011bco um\u00ed, nevyu\u017e\u00edvali sv\u00e9 schopnosti jen kv\u016fli \u00fa\u010detnictv\u00ed.                                                                                                                                                                                                                                                                                                                                                                                          4.6\/5 - (5 votes)        "},{"@context":"https:\/\/schema.org\/","@type":"BreadcrumbList","itemListElement":[{"@type":"ListItem","position":1,"name":"Nesta\u010d\u00ed br\u00e1t a utr\u00e1cet","item":"https:\/\/www.woraif.cz\/nestaci-brat-a-utracet\/#breadcrumbitem"}]}]