[{"@context":"https:\/\/schema.org\/","@type":"Article","@id":"https:\/\/www.woraif.cz\/moda-za-kazdou-cenu\/#Article","mainEntityOfPage":"https:\/\/www.woraif.cz\/moda-za-kazdou-cenu\/","headline":"M\u00f3da za ka\u017edou cenu","name":"M\u00f3da za ka\u017edou cenu","description":"D\u00e1vat oble\u010den\u00ed druhou \u0161anci, zejm\u00e9na tomu, kter\u00e9 t\u0159ebas nebylo v\u016fbec no\u0161en\u00e9 nebo jenom velmi m\u00e1lo, je opravdu u\u0161lechtil\u00e1 v\u011bc, proto\u017ee na\u0161e planeta je opravdu zahlcena velk\u00fdm mno\u017estv\u00edm textilu a to, co hod\u00edme do kontejner\u016f na oble\u010den\u00ed, se mus\u00ed je\u0161t\u011b prot\u0159\u00eddit a jen mal\u00e9 procento se skute\u010dn\u011b vyu\u017eije, zbytek bohu\u017eel kon\u010d\u00ed ve velk\u00fdch spalovn\u00e1ch. Ale m\u016f\u017eeme tomu pomoci t\u00edm, \u017ee za\u010dneme [&hellip;]","datePublished":"2023-04-11","dateModified":"2023-05-18","author":{"@type":"Person","@id":"https:\/\/www.woraif.cz\/author\/devene\/#Person","name":"devene","url":"https:\/\/www.woraif.cz\/author\/devene\/","identifier":1,"image":{"@type":"ImageObject","@id":"https:\/\/secure.gravatar.com\/avatar\/1fd5b20daa9a47a1102459a7c733d369075d8cc724ab489feb8ed72c657d346e?s=96&d=mm&r=g","url":"https:\/\/secure.gravatar.com\/avatar\/1fd5b20daa9a47a1102459a7c733d369075d8cc724ab489feb8ed72c657d346e?s=96&d=mm&r=g","height":96,"width":96}},"publisher":{"@type":"Organization","name":"woraif.cz","logo":{"@type":"ImageObject","@id":"\/logo.png","url":"\/logo.png","width":600,"height":60}},"image":{"@type":"ImageObject","@id":"https:\/\/www.woraif.cz\/wp-content\/uploads\/chlapec.jpg","url":"https:\/\/www.woraif.cz\/wp-content\/uploads\/chlapec.jpg","height":0,"width":0},"url":"https:\/\/www.woraif.cz\/moda-za-kazdou-cenu\/","about":["Nakupov\u00e1n\u00ed"],"wordCount":429,"articleBody":"      D\u00e1vat oble\u010den\u00ed druhou \u0161anci, zejm\u00e9na tomu, kter\u00e9 t\u0159ebas nebylo v\u016fbec no\u0161en\u00e9 nebo jenom velmi m\u00e1lo, je opravdu u\u0161lechtil\u00e1 v\u011bc, proto\u017ee na\u0161e planeta je opravdu zahlcena velk\u00fdm mno\u017estv\u00edm textilu a to, co hod\u00edme do kontejner\u016f na oble\u010den\u00ed, se mus\u00ed je\u0161t\u011b prot\u0159\u00eddit a jen mal\u00e9 procento se skute\u010dn\u011b vyu\u017eije, zbytek bohu\u017eel kon\u010d\u00ed ve velk\u00fdch spalovn\u00e1ch. Ale m\u016f\u017eeme tomu pomoci t\u00edm, \u017ee za\u010dneme tuto situaci \u0159e\u0161it u sebe.N\u011bkte\u0159\u00ed jedinci u\u017e za\u010dali, mohly to b\u00fdt t\u0159eba maminky na mate\u0159sk\u00e9 dovolen\u00e9, kter\u00e9 maj\u00ed hluboko do kapsy a kter\u00e9 p\u0159edev\u0161\u00edm v\u00ed, \u017ee pokud koup\u00ed oble\u010den\u00ed d\u011btem takzvan\u011b z druh\u00e9 ruky, \u017ee nebudou litovat t\u011bch utracen\u00fdch pen\u011bz, proto\u017ee ve v\u011bt\u0161in\u011b p\u0159\u00edpad\u016f d\u011bti toto oble\u010den\u00ed zni\u010d\u00ed venku na tr\u00e1vn\u00edku nebo se doma polij\u00ed om\u00e1\u010dkou, kter\u00e1 u\u017e t\u0159eba nep\u016fjde vyprat. Proto samy maminky tyto m\u00edsta i vyhled\u00e1vaj\u00ed. Ale to neznamen\u00e1, \u017ee by necht\u011bly, aby jejich d\u00edtka nebyla hezky oble\u010den\u00e1, pr\u00e1v\u011b naopak. A v\u00edte, kolik se d\u00e1 v t\u011bchto obchodech naj\u00edt skvost\u016f? A kombinovat outfity jde taky par\u00e1dn\u011b!A u\u017e jste sly\u0161eli o tom, \u017ee m\u016f\u017eete vyu\u017e\u00edt i second hand eshop? Tak, jak jste zvykl\u00fd nakupovat oble\u010den\u00ed na internetov\u00fdch obchodech velk\u00fdch \u0159et\u011bzc\u016f, tak si m\u016f\u017eete t\u00edmto zp\u016fsobem naj\u00edt i va\u0161e v budoucnu obl\u00edben\u00e9 sek\u00e1\u010de, kde si m\u016f\u017eete koupit nejenom n\u011bjak\u00e9 kousky sob\u011b, d\u011btem, ale t\u0159eba i p\u0159\u00edtelovi nebo man\u017eelovi. M\u016f\u017eete t\u00edm ud\u011blat hodn\u011b k podpo\u0159e ekologie, proto\u017ee t\u011bmito n\u00e1kupy ned\u00e1v\u00e1te p\u0159\u00edle\u017eitost vyv\u00edjen\u00ed dal\u0161\u00ed a dal\u0161\u00ed energie na v\u00fdrobu nov\u00e9ho oble\u010den\u00ed, co\u017e je te\u010f docela velk\u00e9 t\u00e9ma a nen\u00ed divu, opravdu je t\u0159eba u\u017e s odpadem a dopadem na\u0161eho chov\u00e1n\u00ed na p\u0159\u00edrodu n\u011bco d\u011blat. Nav\u00edc se to m\u016f\u017ee st\u00e1t i va\u0161\u00edm kon\u00ed\u010dkem, vyhled\u00e1vat ty exkluzivn\u00ed kousky va\u0161eho \u0161atn\u00edku za ceny, kter\u00e9 se budou pohybovat kolem stovky! No to p\u0159eci mus\u00ed cht\u00edt ka\u017ed\u00fd. Nav\u00edc koupen\u00edm tohoto oble\u010den\u00ed se vyhnete i nebezpe\u010dn\u00fdm chemik\u00e1li\u00edm, kter\u00e9 m\u016f\u017ee m\u00edt nov\u00e9 oble\u010den\u00ed, kter\u00e9 pr\u00e1v\u011b pro\u0161lo procesem v\u00fdroby.                                                                                                                                                                                                                                                                                                                                                                                           4.9\/5 - (8 votes)        "},{"@context":"https:\/\/schema.org\/","@type":"BreadcrumbList","itemListElement":[{"@type":"ListItem","position":1,"name":"M\u00f3da za ka\u017edou cenu","item":"https:\/\/www.woraif.cz\/moda-za-kazdou-cenu\/#breadcrumbitem"}]}]