[{"@context":"https:\/\/schema.org\/","@type":"Article","@id":"https:\/\/www.woraif.cz\/letni-slunovrat-v-ceskych-budejovicich\/#Article","mainEntityOfPage":"https:\/\/www.woraif.cz\/letni-slunovrat-v-ceskych-budejovicich\/","headline":"Letn\u00ed slunovrat v \u010cesk\u00fdch Bud\u011bjovic\u00edch","name":"Letn\u00ed slunovrat v \u010cesk\u00fdch Bud\u011bjovic\u00edch","description":"Dovolenou si lid\u00e9 pl\u00e1nuj\u00ed v\u011bt\u0161inou v \u010dervenci a v srpnu, tedy v obdob\u00ed letn\u00edch pr\u00e1zdnin. Je to celkem logick\u00e9, proto\u017ee v t\u00e9 dob\u011b je p\u0159\u00edjemn\u00e9 letn\u00ed po\u010das\u00ed vhodn\u00e9 na koup\u00e1n\u00ed a na v\u00fdlety do p\u0159\u00edrody. My bychom v\u00e1m r\u00e1di navrhli malou zm\u011bnu, a sice vyu\u017e\u00edt nejdel\u0161\u00edch dn\u016f v roce v obdob\u00ed letn\u00edho slunovratu. M\u00e1 to sv\u00e9 v\u00fdhody a ty bychom [&hellip;]","datePublished":"2024-10-06","dateModified":"2024-10-06","author":{"@type":"Person","@id":"https:\/\/www.woraif.cz\/author\/devene\/#Person","name":"devene","url":"https:\/\/www.woraif.cz\/author\/devene\/","identifier":1,"image":{"@type":"ImageObject","@id":"https:\/\/secure.gravatar.com\/avatar\/1fd5b20daa9a47a1102459a7c733d369075d8cc724ab489feb8ed72c657d346e?s=96&d=mm&r=g","url":"https:\/\/secure.gravatar.com\/avatar\/1fd5b20daa9a47a1102459a7c733d369075d8cc724ab489feb8ed72c657d346e?s=96&d=mm&r=g","height":96,"width":96}},"publisher":{"@type":"Organization","name":"woraif.cz","logo":{"@type":"ImageObject","@id":"\/logo.png","url":"\/logo.png","width":600,"height":60}},"image":{"@type":"ImageObject","@id":"https:\/\/www.woraif.cz\/wp-content\/uploads\/czech-4489869_640_10_6.jpg","url":"https:\/\/www.woraif.cz\/wp-content\/uploads\/czech-4489869_640_10_6.jpg","height":0,"width":0},"url":"https:\/\/www.woraif.cz\/letni-slunovrat-v-ceskych-budejovicich\/","about":["Podnik\u00e1n\u00ed"],"wordCount":433,"articleBody":"         Dovolenou si lid\u00e9 pl\u00e1nuj\u00ed v\u011bt\u0161inou v \u010dervenci a v srpnu, tedy v obdob\u00ed letn\u00edch pr\u00e1zdnin. Je to celkem logick\u00e9, proto\u017ee v t\u00e9 dob\u011b je p\u0159\u00edjemn\u00e9 letn\u00ed po\u010das\u00ed vhodn\u00e9 na koup\u00e1n\u00ed a na v\u00fdlety do p\u0159\u00edrody. My bychom v\u00e1m r\u00e1di navrhli malou zm\u011bnu, a sice vyu\u017e\u00edt nejdel\u0161\u00edch dn\u016f v roce v obdob\u00ed letn\u00edho slunovratu. M\u00e1 to sv\u00e9 v\u00fdhody a ty bychom si tu mohli v kr\u00e1tkosti p\u0159ipomenout.D\u00e9lka slune\u010dn\u00edho svitu \u2013 na konci \u010dervna mezi patn\u00e1ct\u00fdm a p\u011btadvac\u00e1t\u00fdm \u010dervnem je Slunce v nejvy\u0161\u0161\u00ed poloze nad hlavou a d\u00e9lka dne je p\u0159ibli\u017en\u011b 16 hodin. Vyu\u017eijte toho k pobytu na dovolen\u00e9, budete m\u00edt v\u00edce \u010dasu na pohyb v p\u0159\u00edrod\u011b, na j\u00edzdu na kole nebo p\u011b\u0161\u00ed turistiku. Na \u010ceskobud\u011bjovicku, T\u0159ebo\u0148sku a \u010ceskokrumlovsku budete m\u00edt \u0159adu p\u0159\u00edle\u017eitost\u00ed.Letn\u00ed soumrak \u2013 v \u010dervnu nen\u00ed v noci typick\u00e1 tma, jako v zimn\u00edch m\u011bs\u00edc\u00edch, v t\u00e9to dob\u011b nast\u00e1v\u00e1 pouze soumrak, co\u017e zp\u016fsobuje zvl\u00e1\u0161tn\u00ed jev, kdy je v noci docela dob\u0159e vid\u011bt i v dob\u011b, kdy je M\u011bs\u00edc ve f\u00e1zi Novu. Za soumraku jsou venku p\u0159\u00edjemn\u00e9 proch\u00e1zky pod\u00e9l Vltavy a v historick\u00e9m centru m\u011bsta pod \u010cernou v\u011b\u017e\u00ed a na n\u00e1m\u011bst\u00ed P\u0159emysla Otakara II.V\u00edce energie \u2013 je zn\u00e1mo, \u017ee kdy\u017e se lid\u00e9 lad\u00ed pohledem a my\u0161lenkami na M\u011bs\u00edc, \u017ee to p\u0159itahuje sp\u00ed\u0161e probl\u00e9my, za \u00fapl\u0148ku tak\u00e9 b\u00fdv\u00e1 v\u00edce trestn\u00e9 \u010dinnosti a neuroti\u010dt\u00ed lid\u00e9 se v t\u00e9 dob\u011b nec\u00edt\u00ed p\u0159\u00edli\u0161 dob\u0159e. Kdo se naopak zam\u011b\u0159uje na Slunce, na jeho energii, m\u016f\u017ee od n\u011bj o\u010dek\u00e1vat i zlep\u0161en\u00ed sv\u00e9ho zdravotn\u00edho stavu. Na konci \u010dervna n\u00e1m Slunce d\u00e1v\u00e1 energie nejv\u00edc z cel\u00e9ho roku, a tak va\u0161e dovolen\u00e1 v r\u00e1mci nejlevn\u011bj\u0161\u00edho ubytov\u00e1n\u00ed v \u010cesk\u00fdch Bud\u011bjovic\u00edch bude v tuto dobu ur\u010dit\u011b st\u00e1t za to. Pron\u00e1jem raft\u016f a k\u00e1no\u00ed \u2013 pokud si chcete splout Vltavu a vyu\u017e\u00edt ubytov\u00e1n\u00ed v \u010cesk\u00fdch Bud\u011bjovic\u00edch v penzionu s maxim\u00e1ln\u00edm komfortem, v \u010dervnu je k tomu vhodn\u00e1 doba, proto\u017ee je\u0161t\u011b neza\u010dala vod\u00e1ck\u00e1 sez\u00f3na a na \u0159ek\u00e1ch je vcelku klid a m\u00e1lo vod\u00e1k\u016f. Plavba v t\u00e9to dob\u011b b\u00fdv\u00e1 pohodov\u00e1.                                                                                                                                                                                                                                                                                                                                                                                          4.8\/5 - (10 votes)        "},{"@context":"https:\/\/schema.org\/","@type":"BreadcrumbList","itemListElement":[{"@type":"ListItem","position":1,"name":"Letn\u00ed slunovrat v \u010cesk\u00fdch Bud\u011bjovic\u00edch","item":"https:\/\/www.woraif.cz\/letni-slunovrat-v-ceskych-budejovicich\/#breadcrumbitem"}]}]