[{"@context":"https:\/\/schema.org\/","@type":"Article","@id":"https:\/\/www.woraif.cz\/jsou-obnovitelne-zdroje-energie-resenim-globalnich-zmen-klimatu\/#Article","mainEntityOfPage":"https:\/\/www.woraif.cz\/jsou-obnovitelne-zdroje-energie-resenim-globalnich-zmen-klimatu\/","headline":"Jsou obnoviteln\u00e9 zdroje energie \u0159e\u0161en\u00edm glob\u00e1ln\u00edch zm\u011bn klimatu?","name":"Jsou obnoviteln\u00e9 zdroje energie \u0159e\u0161en\u00edm glob\u00e1ln\u00edch zm\u011bn klimatu?","description":"Snad ka\u017ed\u00fd z\u00a0n\u00e1s zaznamenal st\u00e1le rostouc\u00ed tlak vl\u00e1d na vyu\u017e\u00edv\u00e1n\u00ed takzvan\u00fdch \u201e\u010dist\u00fdch\u201c \u010di \u201eobnoviteln\u00fdch\u201c zdroj\u016f energie. M\u016f\u017eeme to vid\u011bt jak v\u00a0energetick\u00e9m pr\u016fmyslu, kde je po\u017eadov\u00e1no, aby byl st\u00e1le v\u011bt\u0161\u00ed pod\u00edl elekt\u0159iny vyr\u00e1b\u011bn pr\u00e1v\u011b z\u00a0t\u011bchto zdroj\u016f, \u010di v\u00a0tom automobilov\u00e9m, kde jsou zna\u010dn\u011b propagov\u00e1ny elektromobily. \u00a0 \u00a0 Tato opat\u0159en\u00ed samoz\u0159ejm\u011b nejsou bez\u00fa\u010deln\u00e1. Jde o snahu zm\u00edrnit pod\u00edl sklen\u00edkov\u00fdch plyn\u016f v\u00a0atmosf\u00e9\u0159e, p\u0159edev\u0161\u00edm pak [&hellip;]","datePublished":"2023-02-28","dateModified":"2023-09-13","author":{"@type":"Person","@id":"https:\/\/www.woraif.cz\/author\/devene\/#Person","name":"devene","url":"https:\/\/www.woraif.cz\/author\/devene\/","identifier":1,"image":{"@type":"ImageObject","@id":"https:\/\/secure.gravatar.com\/avatar\/1fd5b20daa9a47a1102459a7c733d369075d8cc724ab489feb8ed72c657d346e?s=96&d=mm&r=g","url":"https:\/\/secure.gravatar.com\/avatar\/1fd5b20daa9a47a1102459a7c733d369075d8cc724ab489feb8ed72c657d346e?s=96&d=mm&r=g","height":96,"width":96}},"publisher":{"@type":"Organization","name":"woraif.cz","logo":{"@type":"ImageObject","@id":"\/logo.png","url":"\/logo.png","width":600,"height":60}},"image":{"@type":"ImageObject","@id":"https:\/\/www.woraif.cz\/wp-content\/uploads\/globotep2_5.jpg","url":"https:\/\/www.woraif.cz\/wp-content\/uploads\/globotep2_5.jpg","height":0,"width":0},"url":"https:\/\/www.woraif.cz\/jsou-obnovitelne-zdroje-energie-resenim-globalnich-zmen-klimatu\/","about":["V\u011bda"],"wordCount":434,"articleBody":"Snad ka\u017ed\u00fd z\u00a0n\u00e1s zaznamenal st\u00e1le rostouc\u00ed tlak vl\u00e1d na vyu\u017e\u00edv\u00e1n\u00ed takzvan\u00fdch \u201e\u010dist\u00fdch\u201c \u010di \u201eobnoviteln\u00fdch\u201c zdroj\u016f energie. M\u016f\u017eeme to vid\u011bt jak v\u00a0energetick\u00e9m pr\u016fmyslu, kde je po\u017eadov\u00e1no, aby byl st\u00e1le v\u011bt\u0161\u00ed pod\u00edl elekt\u0159iny vyr\u00e1b\u011bn pr\u00e1v\u011b z\u00a0t\u011bchto zdroj\u016f, \u010di v\u00a0tom automobilov\u00e9m, kde jsou zna\u010dn\u011b propagov\u00e1ny elektromobily.\u00a0\u00a0Tato opat\u0159en\u00ed samoz\u0159ejm\u011b nejsou bez\u00fa\u010deln\u00e1. Jde o snahu zm\u00edrnit pod\u00edl sklen\u00edkov\u00fdch plyn\u016f v\u00a0atmosf\u00e9\u0159e, p\u0159edev\u0161\u00edm pak oxidu uhli\u010dit\u00e9ho, a sn\u00ed\u017een\u00ed dopadu glob\u00e1ln\u00edch zm\u011bn klimatu. Ty m\u016f\u017eeme koneckonc\u016f pozorovat ji\u017e nyn\u00ed, a to nejen ve zv\u00fd\u0161en\u00fdch v\u00fdskytech extr\u00e9mn\u00edch jev\u016f po\u010das\u00ed, jako jsou nap\u0159\u00edklad torn\u00e1da, ale i ve zm\u011bn\u011b rozlo\u017een\u00ed sr\u00e1\u017eek, kdy nap\u0159\u00edklad p\u0159es l\u00e9to prakticky nepr\u0161\u00ed.\u00a0Je jasn\u00e9, \u017ee pokud by tyto zm\u011bny pokra\u010dovaly, m\u011bly by na lidstvo skute\u010dn\u011b zni\u010duj\u00edc\u00ed vliv. A\u010dkoliv toti\u017e m\u00e1me k\u00a0dispozici ve\u0161kerou modern\u00ed techniku, v\u00a0p\u011bstov\u00e1n\u00ed plodin a krmen\u00ed hospod\u00e1\u0159sk\u00fdch zv\u00ed\u0159at st\u00e1le z\u00e1vis\u00edme z\u00a0velk\u00e9 \u010d\u00e1sti na rozmarech p\u0159\u00edrody. A celosv\u011btov\u00fd nedostatek j\u00eddla si nikdo nep\u0159eje.\u00a0\u00a0Ot\u00e1zkou v\u0161ak je, zda jsou tato opat\u0159en\u00ed skute\u010dn\u011b tak \u00fa\u010dinn\u00e1, nebo se jedn\u00e1 jen o populismus a snahu zavd\u011b\u010dit se lidem, kte\u0159\u00ed se za\u010d\u00ednaj\u00ed o p\u0159\u00edrodu st\u00e1le v\u00edce zaj\u00edmat. Je toti\u017e nutn\u00e9 si uv\u011bdomit, \u017ee i zde plat\u00ed po\u0159ekadlo, \u017ee nic nen\u00ed zadarmo.\u00a0Sol\u00e1rn\u00ed panely nap\u0159\u00edklad vy\u017eaduj\u00ed t\u011b\u017ebu lithia, a ani jejich v\u00fdroba samotn\u00e1 nen\u00ed zrovna p\u0159\u00e1telsk\u00e1 k\u00a0\u017eivotn\u00edmu prost\u0159ed\u00ed. Nav\u00edc ty sou\u010dasn\u00e9 p\u0159\u00edli\u0161 dlouho nevydr\u017e\u00ed. Vodn\u00ed elektr\u00e1rny zase p\u0159edstavuj\u00ed p\u0159ek\u00e1\u017eku pro ryby, zat\u00edmco ty v\u011btrn\u00e9 zp\u016fsobuj\u00ed jak sv\u00fdm hlukem, tak i pohybem vrtul\u00ed probl\u00e9my pro pt\u00e1ky i pro hmyz.\u00a0Av\u0161ak to neznamen\u00e1, \u017ee bychom se nem\u011bli sna\u017eit. V\u00fdvoj se toti\u017e nezastavil a lid\u00e9 se sna\u017e\u00ed p\u0159ij\u00edt na st\u00e1le lep\u0161\u00ed a lep\u0161\u00ed syst\u00e9my. Jist\u011b, ty sou\u010dasn\u00e9 nejsou dokonal\u00e9, av\u0161ak st\u00e1le je\u0161t\u011b jsou vhodn\u011bj\u0161\u00ed, ne\u017e klasick\u00e9 elektr\u00e1rny. Mus\u00edme je v\u0161ak neust\u00e1le zdokonalovat, nebo\u0165 prozat\u00edm samy o sob\u011b nesta\u010d\u00ed. Zd\u00e1 se v\u0161ak, \u017ee je jen ot\u00e1zkou \u010dasu, ne\u017e bude i tento probl\u00e9m p\u0159ekon\u00e1n.                                                                                                                                                                                                                                                                                                                                                                                        4\/5 - (10 votes)        "},{"@context":"https:\/\/schema.org\/","@type":"BreadcrumbList","itemListElement":[{"@type":"ListItem","position":1,"name":"Jsou obnoviteln\u00e9 zdroje energie \u0159e\u0161en\u00edm glob\u00e1ln\u00edch zm\u011bn klimatu?","item":"https:\/\/www.woraif.cz\/jsou-obnovitelne-zdroje-energie-resenim-globalnich-zmen-klimatu\/#breadcrumbitem"}]}]