[{"@context":"https:\/\/schema.org\/","@type":"Article","@id":"https:\/\/www.woraif.cz\/i-byt-muze-krasne-zlepsit-zivot\/#Article","mainEntityOfPage":"https:\/\/www.woraif.cz\/i-byt-muze-krasne-zlepsit-zivot\/","headline":"I byt m\u016f\u017ee kr\u00e1sn\u011b zlep\u0161it \u017eivot","name":"I byt m\u016f\u017ee kr\u00e1sn\u011b zlep\u0161it \u017eivot","description":"I byt si m\u016f\u017eete ud\u011blat pro sv\u016fj \u017eivot naprosto dokonale, proto\u017ee neznamen\u00e1, \u017ee kdy\u017e n\u011bkdo bydl\u00ed v rodinn\u00e9m dom\u011b, \u017ee by bylo n\u011bco \u0161patn\u00e9ho na tom bydlet v byt\u011b. Pr\u00e1v\u011b si mysl\u00edm, \u017ee hodn\u011b lid\u00e9 m\u00edsto dom\u016f tak cht\u011bj\u00ed byt, proto\u017ee nemaj\u00ed tam tolik pr\u00e1ce jako je t\u0159eba na tom dome\u010dku a na t\u00e9 zahrad\u011b. Ale samoz\u0159ejm\u011b v\u00fdhodou bytu je, [&hellip;]","datePublished":"2023-07-23","dateModified":"2023-07-23","author":{"@type":"Person","@id":"https:\/\/www.woraif.cz\/author\/devene\/#Person","name":"devene","url":"https:\/\/www.woraif.cz\/author\/devene\/","identifier":1,"image":{"@type":"ImageObject","@id":"https:\/\/secure.gravatar.com\/avatar\/1fd5b20daa9a47a1102459a7c733d369075d8cc724ab489feb8ed72c657d346e?s=96&d=mm&r=g","url":"https:\/\/secure.gravatar.com\/avatar\/1fd5b20daa9a47a1102459a7c733d369075d8cc724ab489feb8ed72c657d346e?s=96&d=mm&r=g","height":96,"width":96}},"publisher":{"@type":"Organization","name":"woraif.cz","logo":{"@type":"ImageObject","@id":"\/logo.png","url":"\/logo.png","width":600,"height":60}},"image":{"@type":"ImageObject","@id":"https:\/\/www.woraif.cz\/wp-content\/uploads\/living-room-2155376_1280_10.jpg","url":"https:\/\/www.woraif.cz\/wp-content\/uploads\/living-room-2155376_1280_10.jpg","height":0,"width":0},"url":"https:\/\/www.woraif.cz\/i-byt-muze-krasne-zlepsit-zivot\/","about":["Byt"],"wordCount":465,"articleBody":"I byt si m\u016f\u017eete ud\u011blat pro sv\u016fj \u017eivot naprosto dokonale, proto\u017ee neznamen\u00e1, \u017ee kdy\u017e n\u011bkdo bydl\u00ed v rodinn\u00e9m dom\u011b, \u017ee by bylo n\u011bco \u0161patn\u00e9ho na tom bydlet v byt\u011b. Pr\u00e1v\u011b si mysl\u00edm, \u017ee hodn\u011b lid\u00e9 m\u00edsto dom\u016f tak cht\u011bj\u00ed byt, proto\u017ee nemaj\u00ed tam tolik pr\u00e1ce jako je t\u0159eba na tom dome\u010dku a na t\u00e9 zahrad\u011b. Ale samoz\u0159ejm\u011b v\u00fdhodou bytu je, kdy\u017e bydl\u00edte v p\u0159\u00edzem\u00ed, tak je ta kr\u00e1sn\u00e1 terasa, kter\u00e1 se d\u00e1 vyu\u017e\u00edt jako zahrada. To je opravdu v\u00fdhoda bytu, proto\u017ee i kdy\u017e m\u00e1te b\u00fdt, tak v\u017edycky m\u016f\u017eete m\u00edt terasu. Samoz\u0159ejm\u011b v bytech jsou balk\u00f3ny, ale mysl\u00edm si, \u017ee ta terasa, kter\u00e1 je mnohem lep\u0161\u00ed ne\u017e balkon, tak ur\u010dit\u011b jsou v\u00fdhodn\u00e9 ty byty prost\u011b v p\u0159\u00edzem\u00ed. V\u00fdhodou toho je, \u017ee i kdy\u017e m\u00e1te d\u011bti a m\u00e1te tam prost\u011b p\u0159edt\u00edm bytem tu zahr\u00e1dku, tak je to opravdu super, proto\u017ee i pro ty mal\u00e9 d\u011bti je to velice u\u017eite\u010dn\u00e9. Proto\u017ee si tam m\u016f\u017eete ud\u011blat p\u00edskovi\u0161t\u011b, m\u016f\u017eete si tam ud\u011blat pro d\u011bti h\u0159i\u0161t\u011b a je to velk\u00e1 v\u00fdhoda. Tak\u017ee opravdu i ten byt prost\u011b m\u016f\u017eete m\u00edt jako kdybyste byli prost\u011b v rodinn\u00e9m dom\u011b, co\u017e je opravdu hlavn\u011b super, a i p\u0159esto, \u017ee prost\u011b m\u00e1te ty d\u011bti. Tak je to pr\u00e1v\u011b velkou v\u00fdhodou tady t\u011bch p\u0159\u00edzemn\u00edch byt\u016f, tak\u017ee ur\u010dit\u011b pokud si budete kupovat n\u011bjak\u00fd byte\u010dek a nechcete j\u00edt do dome\u010dku, tak ur\u010dit\u011b se d\u00edvejte na ty byty, kde je p\u0159\u00edzem\u00ed, proto\u017ee v tom p\u0159\u00edzem\u00ed je v\u017edycky terasa, kter\u00e1 prost\u011b je v\u00e1\u017en\u011b opravdu skv\u011bl\u00e1, a hlavn\u011b pro ty d\u011bti.Tak\u017ee opravdu je to super, tak\u017ee ur\u010dit\u011b se potom budete c\u00edtit jako kdybyste opravdu byli v dom\u011b a m\u011bli tam zahr\u00e1dku. V\u00fdhodou je, \u017ee si tam m\u016f\u017eete i n\u011bco vyp\u011bstovat, proto\u017ee opravdu v\u00e1m to bude ka\u017ed\u00fd z\u00e1vid\u011bt. Tak\u017ee ur\u010dit\u011b pokud chcete, tak hledejte takov\u00e9 byty, proto\u017ee opravdu jich je spousta a stav\u00ed se mnoho byt\u016f, kter\u00e9 prost\u011b opravdu tady ty p\u0159\u00edzemn\u00ed terasy prost\u011b maj\u00ed a je to opravdu super. Tak\u017ee nev\u00e1hejte a koukejte na internetu, proto\u017ee pokud jako rodina hled\u00e1te n\u011bjak\u00e9 bydlen\u00ed, i kdy\u017e m\u00e1te d\u011bti, tak pr\u00e1v\u011b tady ten byt s tou p\u0159\u00edzem\u00ed teda jsou je opravdu skv\u011blou volbou i pro va\u0161e d\u011bti.                                                                                                                                                                                                                                                                                                                                                                                        4.1\/5 - (8 votes)        "},{"@context":"https:\/\/schema.org\/","@type":"BreadcrumbList","itemListElement":[{"@type":"ListItem","position":1,"name":"I byt m\u016f\u017ee kr\u00e1sn\u011b zlep\u0161it \u017eivot","item":"https:\/\/www.woraif.cz\/i-byt-muze-krasne-zlepsit-zivot\/#breadcrumbitem"}]}]