[{"@context":"https:\/\/schema.org\/","@type":"Article","@id":"https:\/\/www.woraif.cz\/co-se-zmenilo-po-covidu\/#Article","mainEntityOfPage":"https:\/\/www.woraif.cz\/co-se-zmenilo-po-covidu\/","headline":"Co se zm\u011bnilo po covidu?","name":"Co se zm\u011bnilo po covidu?","description":"Covid n\u00e1m toho mnoho vzal, ale tak\u00e9 mnoho dal. O covidu u\u017e se moc nemluv\u00ed, i kdy\u017e v posledn\u00ed dob\u011b zase roste po\u010det naka\u017een\u00fdch lid\u00ed covidem, ov\u0161em nemluv\u00ed se o tom u\u017e ani v takov\u00e9 m\u00ed\u0159e v m\u00e9di\u00edch, tak\u017ee to je mo\u017en\u00e1 d\u016fvod, pro\u010d u\u017e se covid celkov\u011b ne\u0159e\u0161\u00ed a lid\u00e9 se ho neboj\u00ed. Nen\u00ed d\u016fvod se ho b\u00e1t, ka\u017ed\u00e1 [&hellip;]","datePublished":"2023-04-29","dateModified":"2023-05-31","author":{"@type":"Person","@id":"https:\/\/www.woraif.cz\/author\/devene\/#Person","name":"devene","url":"https:\/\/www.woraif.cz\/author\/devene\/","identifier":1,"image":{"@type":"ImageObject","@id":"https:\/\/secure.gravatar.com\/avatar\/1fd5b20daa9a47a1102459a7c733d369075d8cc724ab489feb8ed72c657d346e?s=96&d=mm&r=g","url":"https:\/\/secure.gravatar.com\/avatar\/1fd5b20daa9a47a1102459a7c733d369075d8cc724ab489feb8ed72c657d346e?s=96&d=mm&r=g","height":96,"width":96}},"publisher":{"@type":"Organization","name":"woraif.cz","logo":{"@type":"ImageObject","@id":"\/logo.png","url":"\/logo.png","width":600,"height":60}},"image":{"@type":"ImageObject","@id":"https:\/\/www.woraif.cz\/wp-content\/uploads\/protective-suit-5716753_640.jpg","url":"https:\/\/www.woraif.cz\/wp-content\/uploads\/protective-suit-5716753_640.jpg","height":0,"width":0},"url":"https:\/\/www.woraif.cz\/co-se-zmenilo-po-covidu\/","about":["Podnik\u00e1n\u00ed"],"wordCount":445,"articleBody":"   Covid n\u00e1m toho mnoho vzal, ale tak\u00e9 mnoho dal. O covidu u\u017e se moc nemluv\u00ed, i kdy\u017e v posledn\u00ed dob\u011b zase roste po\u010det naka\u017een\u00fdch lid\u00ed covidem, ov\u0161em nemluv\u00ed se o tom u\u017e ani v takov\u00e9 m\u00ed\u0159e v m\u00e9di\u00edch, tak\u017ee to je mo\u017en\u00e1 d\u016fvod, pro\u010d u\u017e se covid celkov\u011b ne\u0159e\u0161\u00ed a lid\u00e9 se ho neboj\u00ed. Nen\u00ed d\u016fvod se ho b\u00e1t, ka\u017ed\u00e1 nemoc ve v\u011bt\u0161\u00ed m\u00ed\u0159e natrop\u00ed neplechu a lid\u00e9 um\u00edraj\u00ed. To je tak\u00e9 charakteristika pandemie, proto\u017ee covid postihnul skoro v\u0161echny. Kdo v\u00ed, jestli covid opravdu byl a je n\u011bco tak hrozn\u00e9ho, \u017ee se s t\u00edm ned\u00e1 nijak bojovat, nebo se jedn\u00e1 jen o virus, kter\u00fd zp\u016fsobuje nemoc podobnou ch\u0159ipce. V tomto p\u0159\u00edpad\u011b je pak d\u016fle\u017eit\u00e9 myslet po\u0159\u00e1d na to, \u017ee na\u0161e t\u011blo m\u00e1 n\u011bjak\u00e9 protil\u00e1tky, kter\u00e9 proti vir\u016fm a bakteri\u00edm p\u0159irozen\u011b bojuj\u00ed a \u017ee je t\u0159eba ud\u011blat v\u0161e pro to, a\u0165 tyto protil\u00e1tky podpo\u0159\u00edte, a\u0165 m\u00e1te imunitu co nejvy\u0161\u0161\u00ed, proto\u017ee jen tak se va\u0161e t\u011blo v\u0161emu ubr\u00e1n\u00ed. Jezte hodn\u011b vitam\u00edn\u016f a cho\u010fte ven a uvid\u00edte, \u017ee nebudete tak \u010dasto nemocn\u00ed a n\u00e1chyln\u00ed k nemocem. Bude v\u00e1m dob\u0159e nav\u00edc i celkov\u011b psychicky i fyzicky, proto\u017ee budete v\u011bd\u011bt, \u017ee d\u011bl\u00e1te n\u011bco pro sv\u00e9 t\u011blo, a to je spr\u00e1vn\u011b. Covid v\u0161ak krom\u011b strachu p\u0159inesl i mnoho dal\u0161\u00edho a n\u011bkter\u00e9 v\u011bci jsou nap\u0159\u00edklad velmi pozitivn\u00ed. Jednou z v\u011bc\u00ed je to, \u017ee p\u0159inesl v\u0161e online. V dne\u0161n\u00ed dob\u011b u\u017e jde v\u0161e online, m\u016f\u017eete si online objednat r\u016fzn\u00e9 v\u011bci, m\u016f\u017eete se vy sami online objednat p\u0159es online rezerva\u010dn\u00ed syst\u00e9m Fitness-rezervace nebo kamkoliv jinam, nap\u0159\u00edklad k l\u00e9ka\u0159i. Nemus\u00edte tedy nikomu volat, co\u017e je dobr\u00e1 zpr\u00e1va pro lidi, kte\u0159\u00ed neradi mluv\u00ed a jsou introvertn\u00ed. Tito lid\u00e9 jsou te\u010f \u0161\u0165astn\u00ed nejv\u00edce na sv\u011bt\u011b, proto\u017ee nemus\u00ed skoro ani hnout prstem k tomu, aby se n\u011bkam sami objednali. Dal\u0161\u00ed v\u00fdhodou je to, \u017ee se mo\u017en\u00e1 zv\u00fd\u0161ila hygiena u lid\u00ed a lid\u00e9 si v\u00edce \u010dist\u00ed ruce dezinfekc\u00ed a d\u00e1vaj\u00ed na sebe velk\u00fd pozor. Na druhou stranu, n\u011bkdy je pr\u00e1v\u011b naopak pot\u0159eba sn\u00edst nebo dostat do t\u011bla n\u011bjak\u00e9 patogeny, aby se t\u011blo zase l\u00e9pe br\u00e1nilo a bylo na ob\u010dasnou d\u00e1vku patogen\u016f zvykl\u00e9.                                                                                                                                                                                                                                                                                                                                                                                           4.2\/5 - (19 votes)        "},{"@context":"https:\/\/schema.org\/","@type":"BreadcrumbList","itemListElement":[{"@type":"ListItem","position":1,"name":"Co se zm\u011bnilo po covidu?","item":"https:\/\/www.woraif.cz\/co-se-zmenilo-po-covidu\/#breadcrumbitem"}]}]