[{"@context":"https:\/\/schema.org\/","@type":"Article","@id":"https:\/\/www.woraif.cz\/automobil-ktery-stvoril-sam-buh\/#Article","mainEntityOfPage":"https:\/\/www.woraif.cz\/automobil-ktery-stvoril-sam-buh\/","headline":"Automobil, kter\u00fd stvo\u0159il s\u00e1m B\u016fh!","name":"Automobil, kter\u00fd stvo\u0159il s\u00e1m B\u016fh!","description":"P\u0159ejete si do budoucna nov\u00e9 auto? Chcete si po\u0159\u00eddit automobil, kter\u00fd v\u00e1m bude slou\u017eit dlouho, kter\u00fd jen tak nevypov\u00ed a kter\u00fd v\u00e1s bude v\u017edy znovu a znovu dr\u017eet nad vodou? Chcete automobil, kter\u00fd by cht\u011bl ka\u017ed\u00fd \u0159idi\u010d? Pak pr\u00e1v\u011b pro v\u00e1s je tu skv\u011bl\u00e1 nab\u00eddka koup\u011b jednoho z na\u0161ich Volkswagen\u016f! Ji\u017e podle jm\u00e9na m\u016f\u017eete poznat, \u017ee se jedn\u00e1 o n\u011bmeckou [&hellip;]","datePublished":"2025-03-10","dateModified":"2025-03-10","author":{"@type":"Person","@id":"https:\/\/www.woraif.cz\/author\/devene\/#Person","name":"devene","url":"https:\/\/www.woraif.cz\/author\/devene\/","identifier":1,"image":{"@type":"ImageObject","@id":"https:\/\/secure.gravatar.com\/avatar\/1fd5b20daa9a47a1102459a7c733d369075d8cc724ab489feb8ed72c657d346e?s=96&d=mm&r=g","url":"https:\/\/secure.gravatar.com\/avatar\/1fd5b20daa9a47a1102459a7c733d369075d8cc724ab489feb8ed72c657d346e?s=96&d=mm&r=g","height":96,"width":96}},"publisher":{"@type":"Organization","name":"woraif.cz","logo":{"@type":"ImageObject","@id":"\/logo.png","url":"\/logo.png","width":600,"height":60}},"url":"https:\/\/www.woraif.cz\/automobil-ktery-stvoril-sam-buh\/","wordCount":198,"articleBody":" P\u0159ejete si do budoucna nov\u00e9 auto? Chcete si po\u0159\u00eddit automobil, kter\u00fd v\u00e1m bude slou\u017eit dlouho, kter\u00fd jen tak nevypov\u00ed a kter\u00fd v\u00e1s bude v\u017edy znovu a znovu dr\u017eet nad vodou? Chcete automobil, kter\u00fd by cht\u011bl ka\u017ed\u00fd \u0159idi\u010d? Pak pr\u00e1v\u011b pro v\u00e1s je tu skv\u011bl\u00e1 nab\u00eddka koup\u011b jednoho z na\u0161ich Volkswagen\u016f! Ji\u017e podle jm\u00e9na m\u016f\u017eete poznat, \u017ee se jedn\u00e1 o n\u011bmeckou v\u00fdrobu! A co je v\u0161eobecn\u011b zn\u00e1m\u00e9 o N\u011bmc\u00edch? Je to pr\u00e1v\u011b to, \u017ee N\u011bmecko, jako\u017eto automobilov\u00fd pr\u016fmysl, je jeden z nejlep\u0161\u00edch a nejkvalitn\u011bj\u0161\u00edch! Pro jak\u00e9koliv \u00fa\u010dely! Volkswagen je jedna z m\u00e1la zna\u010dek, kter\u00e1 sv\u00e9 vozy nab\u00edz\u00ed pro vesm\u011bs jak\u00e9koliv vyu\u017eit\u00ed! Opravdu, je to tak. Tento n\u011bmeck\u00fd krasavec m\u016f\u017ee slou\u017eit jako rodinn\u00fd v\u016fz, m\u016f\u017eete ho tak\u00e9 vyu\u017e\u00edvat jako pracovn\u00ed v\u016fz, nebo si jej m\u016f\u017eete po\u0159\u00eddit i jako auto, se kter\u00fdm chcete \u0159\u00e1dit a strh\u00e1vat asfalt na okruz\u00edch! Je to jedine\u010dn\u00e9 a univers\u00e1ln\u00ed auto, kter\u00e9 jen tak nenajdete!                                                                                                                                                                                                                                                                                                                                                                                        5\/5 - (1 vote)        "},{"@context":"https:\/\/schema.org\/","@type":"BreadcrumbList","itemListElement":[{"@type":"ListItem","position":1,"name":"Automobil, kter\u00fd stvo\u0159il s\u00e1m B\u016fh!","item":"https:\/\/www.woraif.cz\/automobil-ktery-stvoril-sam-buh\/#breadcrumbitem"}]}]